{"id":37486,"date":"2021-02-22T18:55:24","date_gmt":"2021-02-23T01:55:24","guid":{"rendered":"https:\/\/elinformanteqro.com\/noticias\/?p=37486"},"modified":"2021-02-22T18:55:24","modified_gmt":"2021-02-23T01:55:24","slug":"escolasticas-sede-del-34-concurso-artesanal-de-labrado-de-cantera","status":"publish","type":"post","link":"https:\/\/elinformanteqro.com\/noticias\/escolasticas-sede-del-34-concurso-artesanal-de-labrado-de-cantera\/","title":{"rendered":"ESCOL\u00c1STICAS, SEDE DEL 34\u00b0 CONCURSO ARTESANAL DE LABRADO DE CANTERA"},"content":{"rendered":"<p class=\"s12\"><span class=\"s11\"><span class=\"bumpedFont15\">\u201c<\/span><\/span><span class=\"s11\"><span class=\"bumpedFont15\">Es de reconocer el esfuerzo entre los gobiernos <\/span><\/span><span class=\"s11\"><span class=\"bumpedFont15\">estatal y municipal<\/span><\/span><span class=\"s11\"><span class=\"bumpedFont15\"> para la realizaci\u00f3n<\/span><\/span><span class=\"s11\"><span class=\"bumpedFont15\">,<\/span><\/span> <span class=\"s11\"><span class=\"bumpedFont15\">bajo<\/span><\/span><span class=\"s11\"><span class=\"bumpedFont15\"> una nueva din\u00e1mica<\/span><\/span><span class=\"s11\"><span class=\"bumpedFont15\">,<\/span><\/span> <span class=\"s11\"><span class=\"bumpedFont15\">de un<\/span><\/span><span class=\"s11\"><span class=\"bumpedFont15\">concurso tan importante <\/span><\/span><span class=\"s11\"><span class=\"bumpedFont15\">y que le da identidad a los artesanos de la cantera en <\/span><\/span><span class=\"s11\"><span class=\"bumpedFont15\">la Delegaci\u00f3n de Escol\u00e1sticas, <\/span><\/span><span class=\"s11\"><span class=\"bumpedFont15\">verdaderos artistas, que a trav\u00e9<\/span><\/span><span class=\"s11\"><span class=\"bumpedFont15\">s <\/span><\/span><span class=\"s11\"><span class=\"bumpedFont15\">de cada una de sus piezas,<\/span><\/span><span class=\"s11\"><span class=\"bumpedFont15\"> plasman su talento y coraz\u00f3n <\/span><\/span><span class=\"s11\"><span class=\"bumpedFont15\">para hacer de ellas obras de arte <\/span><\/span><span class=\"s11\"><span class=\"bumpedFont15\">\u00fanicas\u201d, destac\u00f3 la Directora General de la Casa Queretana de las Artesan\u00edas, Karina Trejo durante la premiaci\u00f3n <\/span><\/span><span class=\"s11\"><span class=\"bumpedFont15\">del Concurso Artesanal de Labrado de C<\/span><\/span><span class=\"s11\"><span class=\"bumpedFont15\">antera en su edici\u00f3n 34.<\/span><\/span><\/p>\n<p class=\"s12\"><span class=\"s11\"><span class=\"bumpedFont15\">Por su parte el Edil, Amarildo B\u00e1rcenas <\/span><\/span><span class=\"s11\"><span class=\"bumpedFont15\">dijo que:<\/span><\/span><span class=\"s11\"><span class=\"bumpedFont15\"> \u201cEs un<\/span><\/span><span class=\"s11\"><span class=\"bumpedFont15\"> orgullo para los escobedenses,<\/span><\/span><span class=\"s11\"><span class=\"bumpedFont15\"> tener <\/span><\/span><span class=\"s11\"><span class=\"bumpedFont15\">en Escol\u00e1sticas <\/span><\/span><span class=\"s11\"><span class=\"bumpedFont15\">a los mejores <\/span><\/span><span class=\"s11\"><span class=\"bumpedFont15\">artesanos de<\/span><\/span><span class=\"s11\"><span class=\"bumpedFont15\"> cantera en la regi\u00f3n<\/span><\/span><span class=\"s11\"><span class=\"bumpedFont15\">, pues gracias a ellos nuestro municipio <\/span><\/span><span class=\"s11\"><span class=\"bumpedFont15\">se ve representado<\/span><\/span><span class=\"s11\"><span class=\"bumpedFont15\"> a nivel nacional<\/span><\/span><span class=\"s11\"><span class=\"bumpedFont15\"> e internacional, a trav\u00e9s de concursos y exposiciones,<\/span><\/span><span class=\"s11\"><span class=\"bumpedFont15\"> poniendo en alto el nombre de Pedro Escobedo\u201d, asegur\u00f3.<\/span><\/span><\/p>\n<p class=\"s12\"><span class=\"s11\"><span class=\"bumpedFont15\">Adem\u00e1s del Alcalde y la Directora de la Casa Queretana de las Artesan\u00edas; el Legislador Local por el X Distrito, Jos\u00e9 Gonz\u00e1lez y la Presidenta del Patronato del Sistema Municipal DIF, Araceli Olvera, hicieron entrega a los ganadores<\/span><\/span><span class=\"s11\"><span class=\"bumpedFont15\"> de los primeros lugares<\/span><\/span><span class=\"s11\"><span class=\"bumpedFont15\">de este certamen<\/span><\/span><span class=\"s11\"><span class=\"bumpedFont15\">,<\/span><\/span><span class=\"s11\"><span class=\"bumpedFont15\"> quedando de la siguiente manera:<\/span><\/span> <span class=\"s11\"><span class=\"bumpedFont15\">Tejido, Paula Montes \u2013 Abundancia en mi mesa; Deshilado, Ma. Guadalupe Uribe \u2013 Envolviendo el coraz\u00f3n de una mujer; Bordado, Lucia Salda\u00f1a \u2013 Amor por mi tierra.<\/span><\/span> <span class=\"s11\"><span class=\"bumpedFont15\">En la categor\u00eda de Arte y dise\u00f1o en cantera, Carlos A. M\u00e9ndez \u2013 Armon\u00eda familiar; Construcci\u00f3n, Rogelio Osornio \u2013 Sujeta al Viento; Decoraci\u00f3n, Jorge Carrillo \u2013 Equilibrio y para Escultura, Jos\u00e9 Miguel Bocanegra \u2013 Insensato.<\/span><\/span><\/p>\n","protected":false},"excerpt":{"rendered":"<p>\u201cEs de reconocer el esfuerzo entre los gobiernos estatal y municipal para la realizaci\u00f3n, bajo una nueva din\u00e1mica, de unconcurso tan importante y que le da identidad a los artesanos de la cantera en la Delegaci\u00f3n de Escol\u00e1sticas, verdaderos artistas, que a trav\u00e9s de cada una de sus piezas, plasman su talento y coraz\u00f3n para [&hellip;]<\/p>\n","protected":false},"author":5,"featured_media":37487,"comment_status":"open","ping_status":"open","sticky":false,"template":"","format":"standard","meta":{"footnotes":""},"categories":[15],"tags":[],"class_list":["post-37486","post","type-post","status-publish","format-standard","has-post-thumbnail","category-pedro-escobedo"],"_links":{"self":[{"href":"https:\/\/elinformanteqro.com\/noticias\/wp-json\/wp\/v2\/posts\/37486","targetHints":{"allow":["GET"]}}],"collection":[{"href":"https:\/\/elinformanteqro.com\/noticias\/wp-json\/wp\/v2\/posts"}],"about":[{"href":"https:\/\/elinformanteqro.com\/noticias\/wp-json\/wp\/v2\/types\/post"}],"author":[{"embeddable":true,"href":"https:\/\/elinformanteqro.com\/noticias\/wp-json\/wp\/v2\/users\/5"}],"replies":[{"embeddable":true,"href":"https:\/\/elinformanteqro.com\/noticias\/wp-json\/wp\/v2\/comments?post=37486"}],"version-history":[{"count":0,"href":"https:\/\/elinformanteqro.com\/noticias\/wp-json\/wp\/v2\/posts\/37486\/revisions"}],"wp:featuredmedia":[{"embeddable":true,"href":"https:\/\/elinformanteqro.com\/noticias\/wp-json\/wp\/v2\/media\/37487"}],"wp:attachment":[{"href":"https:\/\/elinformanteqro.com\/noticias\/wp-json\/wp\/v2\/media?parent=37486"}],"wp:term":[{"taxonomy":"category","embeddable":true,"href":"https:\/\/elinformanteqro.com\/noticias\/wp-json\/wp\/v2\/categories?post=37486"},{"taxonomy":"post_tag","embeddable":true,"href":"https:\/\/elinformanteqro.com\/noticias\/wp-json\/wp\/v2\/tags?post=37486"}],"curies":[{"name":"wp","href":"https:\/\/api.w.org\/{rel}","templated":true}]}}