{"id":84448,"date":"2026-08-31T13:58:52","date_gmt":"2026-08-31T19:58:52","guid":{"rendered":"https:\/\/elinformanteqro.com\/noticias\/?p=84448"},"modified":"2026-08-31T13:58:53","modified_gmt":"2026-08-31T19:58:53","slug":"mas-de-45-mil-estudiantes-regresan-a-clases-en-san-juan-del-rio","status":"publish","type":"post","link":"https:\/\/elinformanteqro.com\/noticias\/mas-de-45-mil-estudiantes-regresan-a-clases-en-san-juan-del-rio\/","title":{"rendered":"M\u00e1s de 45 mil estudiantes regresan a clases en San Juan del R\u00edo"},"content":{"rendered":"\n<p class=\"wp-block-paragraph\">Con el inicio del ciclo escolar 2026-2027, alrededor de <strong>45 mil alumnas y alumnos de educaci\u00f3n b\u00e1sica p\u00fablica de San Juan del R\u00edo<\/strong> regresaron este lunes a las aulas, acompa\u00f1ados por cerca de mil 810 docentes en casi 250 escuelas del municipio.<\/p>\n\n\n\n<p class=\"wp-block-paragraph\">En este marco, se llev\u00f3 a cabo la ceremonia de <strong>Honores a la Bandera<\/strong> en la Escuela Secundaria T\u00e9cnica No. 19 \u201cRafael Olvera\u201d, ubicada en la comunidad de La Llave, evento que, en representaci\u00f3n del presidente municipal Roberto Cabrera Valencia, encabez\u00f3 la s\u00edndica del Ayuntamiento, Rosalba Ruiz Ramos.<\/p>\n\n\n\n<p class=\"wp-block-paragraph\">De acuerdo con informaci\u00f3n de la Unidad de Servicios para la Educaci\u00f3n B\u00e1sica en el Estado de Quer\u00e9taro (USEBEQ), en todo el estado iniciaron actividades aproximadamente <strong>350 mil estudiantes<\/strong> con motivo del nuevo ciclo escolar.<\/p>\n\n\n\n<p class=\"wp-block-paragraph\">El acto c\u00edvico marc\u00f3 el regreso a las actividades escolares de miles de estudiantes sanjuanenses, quienes retomaron sus clases correspondientes al periodo 2026-2027.<\/p>\n","protected":false},"excerpt":{"rendered":"<p>Con el inicio del ciclo escolar 2026-2027, alrededor de 45 mil alumnas y alumnos de educaci\u00f3n b\u00e1sica p\u00fablica de San Juan del R\u00edo regresaron este lunes a las aulas, acompa\u00f1ados por cerca de mil 810 docentes en casi 250 escuelas del municipio. En este marco, se llev\u00f3 a cabo la ceremonia de Honores a la [&hellip;]<\/p>\n","protected":false},"author":5,"featured_media":84449,"comment_status":"closed","ping_status":"closed","sticky":false,"template":"","format":"standard","meta":{"footnotes":""},"categories":[4],"tags":[],"class_list":["post-84448","post","type-post","status-publish","format-standard","has-post-thumbnail","category-sanjuandelrio"],"_links":{"self":[{"href":"https:\/\/elinformanteqro.com\/noticias\/wp-json\/wp\/v2\/posts\/84448","targetHints":{"allow":["GET"]}}],"collection":[{"href":"https:\/\/elinformanteqro.com\/noticias\/wp-json\/wp\/v2\/posts"}],"about":[{"href":"https:\/\/elinformanteqro.com\/noticias\/wp-json\/wp\/v2\/types\/post"}],"author":[{"embeddable":true,"href":"https:\/\/elinformanteqro.com\/noticias\/wp-json\/wp\/v2\/users\/5"}],"replies":[{"embeddable":true,"href":"https:\/\/elinformanteqro.com\/noticias\/wp-json\/wp\/v2\/comments?post=84448"}],"version-history":[{"count":1,"href":"https:\/\/elinformanteqro.com\/noticias\/wp-json\/wp\/v2\/posts\/84448\/revisions"}],"predecessor-version":[{"id":84450,"href":"https:\/\/elinformanteqro.com\/noticias\/wp-json\/wp\/v2\/posts\/84448\/revisions\/84450"}],"wp:featuredmedia":[{"embeddable":true,"href":"https:\/\/elinformanteqro.com\/noticias\/wp-json\/wp\/v2\/media\/84449"}],"wp:attachment":[{"href":"https:\/\/elinformanteqro.com\/noticias\/wp-json\/wp\/v2\/media?parent=84448"}],"wp:term":[{"taxonomy":"category","embeddable":true,"href":"https:\/\/elinformanteqro.com\/noticias\/wp-json\/wp\/v2\/categories?post=84448"},{"taxonomy":"post_tag","embeddable":true,"href":"https:\/\/elinformanteqro.com\/noticias\/wp-json\/wp\/v2\/tags?post=84448"}],"curies":[{"name":"wp","href":"https:\/\/api.w.org\/{rel}","templated":true}]}}