{"id":84456,"date":"2026-08-31T14:06:17","date_gmt":"2026-08-31T20:06:17","guid":{"rendered":"https:\/\/elinformanteqro.com\/noticias\/?p=84456"},"modified":"2026-08-31T14:06:19","modified_gmt":"2026-08-31T20:06:19","slug":"huimilpan-fortalece-la-educacion-inclusiva-con-la-apertura-del-cam-corazones-que-cuidan","status":"publish","type":"post","link":"https:\/\/elinformanteqro.com\/noticias\/huimilpan-fortalece-la-educacion-inclusiva-con-la-apertura-del-cam-corazones-que-cuidan\/","title":{"rendered":"Huimilpan fortalece la educaci\u00f3n inclusiva con la apertura del CAM \u201cCorazones que Cuidan\u201d"},"content":{"rendered":"\n<p class=\"wp-block-paragraph\">Con el objetivo de ampliar las oportunidades educativas para ni\u00f1as, ni\u00f1os y adolescentes con discapacidad, el gobernador de Quer\u00e9taro, Mauricio Kuri Gonz\u00e1lez, encabez\u00f3 la apertura del <strong>Centro de Atenci\u00f3n M\u00faltiple (CAM) \u201cCorazones que Cuidan\u201d<\/strong>, en el municipio de Huimilpan.<\/p>\n\n\n\n<p class=\"wp-block-paragraph\">El nuevo plantel, que corresponde al <strong>CAM n\u00famero 23 del estado<\/strong>, inici\u00f3 operaciones con una matr\u00edcula aproximada de 40 estudiantes provenientes de distintas comunidades de Huimilpan, quienes ahora podr\u00e1n recibir atenci\u00f3n especializada sin necesidad de trasladarse a otros municipios.<\/p>\n\n\n\n<p class=\"wp-block-paragraph\">Durante el acto de apertura, realizado en el marco del inicio del ciclo escolar 2026-2027, Kuri Gonz\u00e1lez reconoci\u00f3 el trabajo del presidente municipal de Huimilpan, Jairo Iv\u00e1n Morales Mart\u00ednez, y destac\u00f3 la importancia de impulsar pol\u00edticas p\u00fablicas que permitan una educaci\u00f3n digna e incluyente.<\/p>\n\n\n\n<p class=\"wp-block-paragraph\">\u201cAqu\u00ed en un lugar que se llama Corazones que Cuidan para ni\u00f1os especiales (\u2026) lo que est\u00e1 haciendo Huimilpan se tiene que hacer en todos los municipios, es un caso de \u00e9xito\u201d, se\u00f1al\u00f3 el gobernador.<\/p>\n\n\n\n<p class=\"wp-block-paragraph\">Por su parte, la coordinadora general de la USEBEQ, Irene Quintanar Mej\u00eda, inform\u00f3 que <strong>m\u00e1s de 350 mil ni\u00f1as, ni\u00f1os y adolescentes<\/strong> iniciaron este lunes el nuevo ciclo escolar en educaci\u00f3n b\u00e1sica en Quer\u00e9taro, distribuidos en <strong>2 mil 114 instituciones educativas<\/strong>.<\/p>\n\n\n\n<p class=\"wp-block-paragraph\">Destac\u00f3 que la apertura del CAM representa una oportunidad para fortalecer la educaci\u00f3n especial y record\u00f3 que educar tambi\u00e9n significa acompa\u00f1ar, cuidar y reconocer las capacidades de cada estudiante.<\/p>\n\n\n\n<p class=\"wp-block-paragraph\">El presidente municipal de Huimilpan se\u00f1al\u00f3 que la apertura del centro responde a una demanda de las familias que se origin\u00f3 hace m\u00e1s de dos d\u00e9cadas y que hoy se convierte en una realidad gracias al trabajo conjunto entre el municipio y el Gobierno del Estado.<\/p>\n\n\n\n<p class=\"wp-block-paragraph\">Con la puesta en marcha de \u201cCorazones que Cuidan\u201d, las familias de Huimilpan contar\u00e1n con un espacio de atenci\u00f3n educativa especializada m\u00e1s cercano, fortaleciendo la inclusi\u00f3n y ampliando las posibilidades de desarrollo para ni\u00f1as, ni\u00f1os y adolescentes con discapacidad.<\/p>\n","protected":false},"excerpt":{"rendered":"<p>Con el objetivo de ampliar las oportunidades educativas para ni\u00f1as, ni\u00f1os y adolescentes con discapacidad, el gobernador de Quer\u00e9taro, Mauricio Kuri Gonz\u00e1lez, encabez\u00f3 la apertura del Centro de Atenci\u00f3n M\u00faltiple (CAM) \u201cCorazones que Cuidan\u201d, en el municipio de Huimilpan. El nuevo plantel, que corresponde al CAM n\u00famero 23 del estado, inici\u00f3 operaciones con una matr\u00edcula [&hellip;]<\/p>\n","protected":false},"author":5,"featured_media":84457,"comment_status":"closed","ping_status":"closed","sticky":false,"template":"","format":"standard","meta":{"footnotes":""},"categories":[3],"tags":[],"class_list":["post-84456","post","type-post","status-publish","format-standard","has-post-thumbnail","category-queretaro"],"_links":{"self":[{"href":"https:\/\/elinformanteqro.com\/noticias\/wp-json\/wp\/v2\/posts\/84456","targetHints":{"allow":["GET"]}}],"collection":[{"href":"https:\/\/elinformanteqro.com\/noticias\/wp-json\/wp\/v2\/posts"}],"about":[{"href":"https:\/\/elinformanteqro.com\/noticias\/wp-json\/wp\/v2\/types\/post"}],"author":[{"embeddable":true,"href":"https:\/\/elinformanteqro.com\/noticias\/wp-json\/wp\/v2\/users\/5"}],"replies":[{"embeddable":true,"href":"https:\/\/elinformanteqro.com\/noticias\/wp-json\/wp\/v2\/comments?post=84456"}],"version-history":[{"count":1,"href":"https:\/\/elinformanteqro.com\/noticias\/wp-json\/wp\/v2\/posts\/84456\/revisions"}],"predecessor-version":[{"id":84458,"href":"https:\/\/elinformanteqro.com\/noticias\/wp-json\/wp\/v2\/posts\/84456\/revisions\/84458"}],"wp:featuredmedia":[{"embeddable":true,"href":"https:\/\/elinformanteqro.com\/noticias\/wp-json\/wp\/v2\/media\/84457"}],"wp:attachment":[{"href":"https:\/\/elinformanteqro.com\/noticias\/wp-json\/wp\/v2\/media?parent=84456"}],"wp:term":[{"taxonomy":"category","embeddable":true,"href":"https:\/\/elinformanteqro.com\/noticias\/wp-json\/wp\/v2\/categories?post=84456"},{"taxonomy":"post_tag","embeddable":true,"href":"https:\/\/elinformanteqro.com\/noticias\/wp-json\/wp\/v2\/tags?post=84456"}],"curies":[{"name":"wp","href":"https:\/\/api.w.org\/{rel}","templated":true}]}}