{"id":84462,"date":"2026-08-27T16:46:40","date_gmt":"2026-08-27T22:46:40","guid":{"rendered":"https:\/\/elinformanteqro.com\/noticias\/?p=84462"},"modified":"2026-08-31T16:47:08","modified_gmt":"2026-08-31T22:47:08","slug":"asiste-car-herrera-a-conferencia-dedicada-a-la-proteccion-tecnologica-de-nna","status":"publish","type":"post","link":"https:\/\/elinformanteqro.com\/noticias\/asiste-car-herrera-a-conferencia-dedicada-a-la-proteccion-tecnologica-de-nna\/","title":{"rendered":"Asiste Car Herrera a conferencia dedicada a la protecci\u00f3n tecnol\u00f3gica de NNA"},"content":{"rendered":"\n<p class=\"wp-block-paragraph\">La presidenta del Patronato del Sistema Estatal DIF, Car Herrera de Kuri, asisti\u00f3 como invitada de honor a la conversaci\u00f3n y presentaci\u00f3n del libro \u201cMam\u00e1, Pap\u00e1: Me hiciste Adicto \u00a1Ay\u00fadame! \u00a1Te necesito!\u201d, que imparti\u00f3 la conferencista Josefina V\u00e1zquez Mota,&nbsp; referente a los riesgos que enfrentan las ni\u00f1as, ni\u00f1os y j\u00f3venes en el mundo digital.<\/p>\n\n\n\n<p class=\"wp-block-paragraph\">V\u00e1zquez Mota se refiri\u00f3 a Quer\u00e9taro como un estado comprometido con esta causa, y prueba de ello, destac\u00f3 la Ley Kuri, con la cual se logr\u00f3 ser el primer estado en el pa\u00eds en salvaguardar la salud mental y proteger la vida de las infancias, involucrando la corresponsabilidad entre familias, escuelas, instituciones y sociedad.<\/p>\n\n\n\n<p class=\"wp-block-paragraph\">\u201cQuer\u00e9taro me brind\u00f3 la primera oportunidad de estar al frente de m\u00e1s de 100 mil ni\u00f1as, ni\u00f1os y adolescentes, escuchar sus historias de viva voz, sentir esas voces, no lo le\u00ed en un libro, no lo vi en una serie de televisi\u00f3n, es lo que ellos me contaron; esta conferencia se trata de generar conciencia sobre estos infiernos que hoy est\u00e1n viviendo d\u00eda con d\u00eda las y los ni\u00f1os que tenemos a nuestro lado y que su vida est\u00e1 pasando por angustia y soledad\u201d, expres\u00f3.<\/p>\n\n\n\n<p class=\"wp-block-paragraph\">Asimismo, hizo un llamado a las familias a seguir construyendo paz, hogares, vivir con valores y con amor, porque un hogar, dijo, es a donde siempre se quiere volver y cuando se abraza a los hijos, se abraza a una familia completa, por ello reconoci\u00f3 que en Quer\u00e9taro se cuida a las familias.<\/p>\n\n\n\n<p class=\"wp-block-paragraph\">El secretario t\u00e9cnico de la Secretar\u00eda de Educaci\u00f3n del Estado, Daniel Armando Alejandre Garc\u00eda, record\u00f3 que en Quer\u00e9taro se inici\u00f3 prohibiendo el uso de tel\u00e9fonos celulares durante la jornada escolar, y al mismo tiempo, se impuls\u00f3 una agenda legislativa para fortalecer la protecci\u00f3n de las infancias y adolescencias.<\/p>\n\n\n\n<p class=\"wp-block-paragraph\">\u201cDesde el principio tuvimos claro que no bastaba con prohibir, por eso construimos una pol\u00edtica p\u00fablica que combina regulaci\u00f3n, prevenci\u00f3n, formaci\u00f3n, acompa\u00f1amiento a las familias, comunicaci\u00f3n y evaluaci\u00f3n; queremos que nuestros estudiantes aprovechen la tecnolog\u00eda y la innovaci\u00f3n, pero con criterio y responsabilidad\u201d, asegur\u00f3.<\/p>\n","protected":false},"excerpt":{"rendered":"<p>La presidenta del Patronato del Sistema Estatal DIF, Car Herrera de Kuri, asisti\u00f3 como invitada de honor a la conversaci\u00f3n y presentaci\u00f3n del libro \u201cMam\u00e1, Pap\u00e1: Me hiciste Adicto \u00a1Ay\u00fadame! \u00a1Te necesito!\u201d, que imparti\u00f3 la conferencista Josefina V\u00e1zquez Mota,&nbsp; referente a los riesgos que enfrentan las ni\u00f1as, ni\u00f1os y j\u00f3venes en el mundo digital. V\u00e1zquez [&hellip;]<\/p>\n","protected":false},"author":5,"featured_media":84463,"comment_status":"closed","ping_status":"closed","sticky":false,"template":"","format":"standard","meta":{"footnotes":""},"categories":[3],"tags":[],"class_list":["post-84462","post","type-post","status-publish","format-standard","has-post-thumbnail","category-queretaro"],"_links":{"self":[{"href":"https:\/\/elinformanteqro.com\/noticias\/wp-json\/wp\/v2\/posts\/84462","targetHints":{"allow":["GET"]}}],"collection":[{"href":"https:\/\/elinformanteqro.com\/noticias\/wp-json\/wp\/v2\/posts"}],"about":[{"href":"https:\/\/elinformanteqro.com\/noticias\/wp-json\/wp\/v2\/types\/post"}],"author":[{"embeddable":true,"href":"https:\/\/elinformanteqro.com\/noticias\/wp-json\/wp\/v2\/users\/5"}],"replies":[{"embeddable":true,"href":"https:\/\/elinformanteqro.com\/noticias\/wp-json\/wp\/v2\/comments?post=84462"}],"version-history":[{"count":1,"href":"https:\/\/elinformanteqro.com\/noticias\/wp-json\/wp\/v2\/posts\/84462\/revisions"}],"predecessor-version":[{"id":84464,"href":"https:\/\/elinformanteqro.com\/noticias\/wp-json\/wp\/v2\/posts\/84462\/revisions\/84464"}],"wp:featuredmedia":[{"embeddable":true,"href":"https:\/\/elinformanteqro.com\/noticias\/wp-json\/wp\/v2\/media\/84463"}],"wp:attachment":[{"href":"https:\/\/elinformanteqro.com\/noticias\/wp-json\/wp\/v2\/media?parent=84462"}],"wp:term":[{"taxonomy":"category","embeddable":true,"href":"https:\/\/elinformanteqro.com\/noticias\/wp-json\/wp\/v2\/categories?post=84462"},{"taxonomy":"post_tag","embeddable":true,"href":"https:\/\/elinformanteqro.com\/noticias\/wp-json\/wp\/v2\/tags?post=84462"}],"curies":[{"name":"wp","href":"https:\/\/api.w.org\/{rel}","templated":true}]}}