{"id":84468,"date":"2026-08-31T17:34:40","date_gmt":"2026-08-31T23:34:40","guid":{"rendered":"https:\/\/elinformanteqro.com\/noticias\/?p=84468"},"modified":"2026-08-31T17:34:41","modified_gmt":"2026-08-31T23:34:41","slug":"concanaco-servytur-pide-agenda-legislativa-para-fortalecer-a-negocios-familiares","status":"publish","type":"post","link":"https:\/\/elinformanteqro.com\/noticias\/concanaco-servytur-pide-agenda-legislativa-para-fortalecer-a-negocios-familiares\/","title":{"rendered":"CONCANACO SERVYTUR pide agenda legislativa para fortalecer a negocios familiares"},"content":{"rendered":"\n<p class=\"wp-block-paragraph\">Ante el inicio del Primer Periodo Ordinario de Sesiones del Congreso de la Uni\u00f3n, la Confederaci\u00f3n de C\u00e1maras Nacionales de Comercio, Servicios y Turismo (CONCANACO SERVYTUR M\u00e9xico) llam\u00f3 a construir una agenda legislativa que atienda las necesidades de las MiPyMEs y los negocios familiares, con \u00e9nfasis en seguridad, simplificaci\u00f3n administrativa, formalidad, certeza jur\u00eddica y generaci\u00f3n de empleo.<\/p>\n\n\n\n<p class=\"wp-block-paragraph\">La Confederaci\u00f3n manifest\u00f3 su disposici\u00f3n para mantener un di\u00e1logo abierto y constructivo con diputadas, diputados, senadoras y senadores de todas las fuerzas pol\u00edticas, a fin de impulsar leyes que generen mejores condiciones para trabajar, invertir, emprender y crecer.<\/p>\n\n\n\n<p class=\"wp-block-paragraph\">CONCANACO SERVYTUR se\u00f1al\u00f3 que el nuevo periodo legislativo representa una oportunidad para considerar la realidad que enfrentan diariamente los peque\u00f1os negocios, particularmente ante problemas como la inseguridad, la extorsi\u00f3n, los costos de operaci\u00f3n, los tr\u00e1mites y las dificultades para incorporarse y permanecer en la formalidad.<\/p>\n\n\n\n<p class=\"wp-block-paragraph\">El presidente de CONCANACO SERVYTUR M\u00e9xico, <strong>Octavio de la Torre<\/strong>, destac\u00f3 que las decisiones tomadas en el Congreso tienen efectos directos en los comercios, empresas y familias.<\/p>\n\n\n\n<p class=\"wp-block-paragraph\">\u201cCada ley tiene un impacto fuera del Congreso: llega a la caja de un comercio, a la n\u00f3mina de una empresa y a la mesa de una familia\u201d, afirm\u00f3.<\/p>\n\n\n\n<p class=\"wp-block-paragraph\">Por ello, sostuvo que el sector empresarial busca colaborar con todas las fuerzas pol\u00edticas para que las decisiones legislativas consideren las necesidades de quienes generan empleo y mantienen activa la econom\u00eda en las distintas regiones del pa\u00eds.<\/p>\n\n\n\n<p class=\"wp-block-paragraph\">La Confederaci\u00f3n plante\u00f3 como prioridades fortalecer la seguridad econ\u00f3mica, particularmente frente a delitos como la extorsi\u00f3n; avanzar en la simplificaci\u00f3n y digitalizaci\u00f3n de tr\u00e1mites; facilitar el acceso a la formalidad; brindar certeza jur\u00eddica y fiscal, y proteger la generaci\u00f3n de empleos y la competitividad.<\/p>\n\n\n\n<p class=\"wp-block-paragraph\">CONCANACO SERVYTUR representa a <strong>5.2 millones de empresas y negocios familiares<\/strong>, mediante <strong>258 C\u00e1maras de Comercio con presencia en mil 857 municipios<\/strong> del pa\u00eds.<\/p>\n\n\n\n<p class=\"wp-block-paragraph\">Finalmente, la organizaci\u00f3n se\u00f1al\u00f3 que continuar\u00e1 participando en mesas de trabajo y espacios de di\u00e1logo parlamentario para aportar la perspectiva de los sectores comercio, servicios y turismo, con el objetivo de impulsar pol\u00edticas p\u00fablicas que eleven la productividad sin generar nuevas barreras para las unidades econ\u00f3micas de menor tama\u00f1o.<\/p>\n\n\n\n<p class=\"wp-block-paragraph\">La Confederaci\u00f3n sostuvo que la meta debe ser <strong>hacer m\u00e1s sencillo cumplir, m\u00e1s seguro emprender y m\u00e1s viable crecer en M\u00e9xico<\/strong>, colocando a las empresas y negocios familiares en el centro del desarrollo econ\u00f3mico.<\/p>\n","protected":false},"excerpt":{"rendered":"<p>Ante el inicio del Primer Periodo Ordinario de Sesiones del Congreso de la Uni\u00f3n, la Confederaci\u00f3n de C\u00e1maras Nacionales de Comercio, Servicios y Turismo (CONCANACO SERVYTUR M\u00e9xico) llam\u00f3 a construir una agenda legislativa que atienda las necesidades de las MiPyMEs y los negocios familiares, con \u00e9nfasis en seguridad, simplificaci\u00f3n administrativa, formalidad, certeza jur\u00eddica y generaci\u00f3n [&hellip;]<\/p>\n","protected":false},"author":5,"featured_media":84469,"comment_status":"closed","ping_status":"closed","sticky":false,"template":"","format":"standard","meta":{"footnotes":""},"categories":[5],"tags":[],"class_list":["post-84468","post","type-post","status-publish","format-standard","has-post-thumbnail","category-mexico"],"_links":{"self":[{"href":"https:\/\/elinformanteqro.com\/noticias\/wp-json\/wp\/v2\/posts\/84468","targetHints":{"allow":["GET"]}}],"collection":[{"href":"https:\/\/elinformanteqro.com\/noticias\/wp-json\/wp\/v2\/posts"}],"about":[{"href":"https:\/\/elinformanteqro.com\/noticias\/wp-json\/wp\/v2\/types\/post"}],"author":[{"embeddable":true,"href":"https:\/\/elinformanteqro.com\/noticias\/wp-json\/wp\/v2\/users\/5"}],"replies":[{"embeddable":true,"href":"https:\/\/elinformanteqro.com\/noticias\/wp-json\/wp\/v2\/comments?post=84468"}],"version-history":[{"count":1,"href":"https:\/\/elinformanteqro.com\/noticias\/wp-json\/wp\/v2\/posts\/84468\/revisions"}],"predecessor-version":[{"id":84470,"href":"https:\/\/elinformanteqro.com\/noticias\/wp-json\/wp\/v2\/posts\/84468\/revisions\/84470"}],"wp:featuredmedia":[{"embeddable":true,"href":"https:\/\/elinformanteqro.com\/noticias\/wp-json\/wp\/v2\/media\/84469"}],"wp:attachment":[{"href":"https:\/\/elinformanteqro.com\/noticias\/wp-json\/wp\/v2\/media?parent=84468"}],"wp:term":[{"taxonomy":"category","embeddable":true,"href":"https:\/\/elinformanteqro.com\/noticias\/wp-json\/wp\/v2\/categories?post=84468"},{"taxonomy":"post_tag","embeddable":true,"href":"https:\/\/elinformanteqro.com\/noticias\/wp-json\/wp\/v2\/tags?post=84468"}],"curies":[{"name":"wp","href":"https:\/\/api.w.org\/{rel}","templated":true}]}}