{"id":84474,"date":"2026-08-28T17:41:25","date_gmt":"2026-08-28T23:41:25","guid":{"rendered":"https:\/\/elinformanteqro.com\/noticias\/?p=84474"},"modified":"2026-08-31T17:41:51","modified_gmt":"2026-08-31T23:41:51","slug":"viernes-muy-mexicano-impulsa-consumo-local-durante-el-regreso-a-clases","status":"publish","type":"post","link":"https:\/\/elinformanteqro.com\/noticias\/viernes-muy-mexicano-impulsa-consumo-local-durante-el-regreso-a-clases\/","title":{"rendered":"Viernes Muy Mexicano impulsa consumo local durante el regreso a clases"},"content":{"rendered":"\n<p class=\"wp-block-paragraph\">La edici\u00f3n de <strong>Viernes Muy Mexicano<\/strong> de este 28 de agosto coincide con la \u00faltima etapa de compras por el regreso a clases y con el inicio de septiembre, considerado el mes m\u00e1s mexicano del a\u00f1o, por lo que la CONCANACO SERVYTUR M\u00e9xico llam\u00f3 a las familias a consumir local y apoyar a los negocios formales.<\/p>\n\n\n\n<p class=\"wp-block-paragraph\">La Confederaci\u00f3n inform\u00f3 que la iniciativa cuenta con m\u00e1s de <strong>550 mil establecimientos identificados<\/strong> con el engomado \u201cAqu\u00ed se vive un Viernes Muy Mexicano\u201d y m\u00e1s de <strong>32 mil negocios registrados en su plataforma digital<\/strong>, mediante la cual consumidores pueden encontrar comercios, restaurantes y negocios familiares de las 32 entidades del pa\u00eds.<\/p>\n\n\n\n<p class=\"wp-block-paragraph\">En el marco del regreso a clases 2026-2027, CONCANACO SERVYTUR estima una <strong>derrama econ\u00f3mica de 144 mil 450 millones de pesos<\/strong>, con impacto en alrededor de <strong>4.5 millones de unidades econ\u00f3micas<\/strong> relacionadas con papeler\u00edas, uniformes, calzado, tecnolog\u00eda, librer\u00edas y otros giros. El gasto promedio por estudiante de educaci\u00f3n b\u00e1sica se calcula en <strong>6 mil 44 pesos<\/strong>.<\/p>\n\n\n\n<p class=\"wp-block-paragraph\">Durante esta \u00faltima semana de compras escolares, <strong>34 C\u00e1maras de Comercio de 22 estados<\/strong> participan en ferias, campa\u00f1as y actividades de regreso a clases en m\u00e1s de 30 sedes, con el objetivo de acercar opciones de compra a las familias y fortalecer al comercio formal.<\/p>\n\n\n\n<p class=\"wp-block-paragraph\">Las actividades se desarrollan en ciudades de estados como Aguascalientes, Baja California, Baja California Sur, Coahuila, Chihuahua, Durango, Guanajuato, Hidalgo, Michoac\u00e1n, Nayarit, Nuevo Le\u00f3n, Puebla, Quer\u00e9taro, Quintana Roo, San Luis Potos\u00ed, Sinaloa, Sonora, Tamaulipas, Veracruz y Zacatecas, entre otras.<\/p>\n\n\n\n<p class=\"wp-block-paragraph\">El presidente de CONCANACO SERVYTUR M\u00e9xico, <strong>Octavio de la Torre de St\u00e9ffano<\/strong>, destac\u00f3 que septiembre representa una oportunidad para que el orgullo nacional tambi\u00e9n se refleje en las decisiones de consumo.<\/p>\n\n\n\n<p class=\"wp-block-paragraph\">\u201cSeptiembre nos recuerda todo aquello que nos identifica como mexicanos, y tambi\u00e9n puede ser una oportunidad para reconocer con nuestras decisiones de compra a quienes trabajan, emprenden y generan empleo en nuestras comunidades\u201d, se\u00f1al\u00f3.<\/p>\n\n\n\n<p class=\"wp-block-paragraph\">La Confederaci\u00f3n consider\u00f3 que esta edici\u00f3n de Viernes Muy Mexicano funciona como un puente entre la temporada de regreso a clases y el inicio del mes patrio, reforzando el llamado a <strong>comprar local, consumir en negocios formales y mantener los recursos circulando dentro de las comunidades<\/strong>.<\/p>\n\n\n\n<p class=\"wp-block-paragraph\">La iniciativa continuar\u00e1 realiz\u00e1ndose el \u00faltimo viernes de cada mes como una plataforma permanente para dar visibilidad a los negocios familiares y contribuir al fortalecimiento del mercado interno.<\/p>\n","protected":false},"excerpt":{"rendered":"<p>La edici\u00f3n de Viernes Muy Mexicano de este 28 de agosto coincide con la \u00faltima etapa de compras por el regreso a clases y con el inicio de septiembre, considerado el mes m\u00e1s mexicano del a\u00f1o, por lo que la CONCANACO SERVYTUR M\u00e9xico llam\u00f3 a las familias a consumir local y apoyar a los negocios [&hellip;]<\/p>\n","protected":false},"author":5,"featured_media":84475,"comment_status":"closed","ping_status":"closed","sticky":false,"template":"","format":"standard","meta":{"footnotes":""},"categories":[5],"tags":[],"class_list":["post-84474","post","type-post","status-publish","format-standard","has-post-thumbnail","category-mexico"],"_links":{"self":[{"href":"https:\/\/elinformanteqro.com\/noticias\/wp-json\/wp\/v2\/posts\/84474","targetHints":{"allow":["GET"]}}],"collection":[{"href":"https:\/\/elinformanteqro.com\/noticias\/wp-json\/wp\/v2\/posts"}],"about":[{"href":"https:\/\/elinformanteqro.com\/noticias\/wp-json\/wp\/v2\/types\/post"}],"author":[{"embeddable":true,"href":"https:\/\/elinformanteqro.com\/noticias\/wp-json\/wp\/v2\/users\/5"}],"replies":[{"embeddable":true,"href":"https:\/\/elinformanteqro.com\/noticias\/wp-json\/wp\/v2\/comments?post=84474"}],"version-history":[{"count":1,"href":"https:\/\/elinformanteqro.com\/noticias\/wp-json\/wp\/v2\/posts\/84474\/revisions"}],"predecessor-version":[{"id":84476,"href":"https:\/\/elinformanteqro.com\/noticias\/wp-json\/wp\/v2\/posts\/84474\/revisions\/84476"}],"wp:featuredmedia":[{"embeddable":true,"href":"https:\/\/elinformanteqro.com\/noticias\/wp-json\/wp\/v2\/media\/84475"}],"wp:attachment":[{"href":"https:\/\/elinformanteqro.com\/noticias\/wp-json\/wp\/v2\/media?parent=84474"}],"wp:term":[{"taxonomy":"category","embeddable":true,"href":"https:\/\/elinformanteqro.com\/noticias\/wp-json\/wp\/v2\/categories?post=84474"},{"taxonomy":"post_tag","embeddable":true,"href":"https:\/\/elinformanteqro.com\/noticias\/wp-json\/wp\/v2\/tags?post=84474"}],"curies":[{"name":"wp","href":"https:\/\/api.w.org\/{rel}","templated":true}]}}