{"id":84477,"date":"2026-08-28T17:42:27","date_gmt":"2026-08-28T23:42:27","guid":{"rendered":"https:\/\/elinformanteqro.com\/noticias\/?p=84477"},"modified":"2026-08-31T17:43:03","modified_gmt":"2026-08-31T23:43:03","slug":"arturo-maximiliano-garcia-destaca-el-valor-de-la-experiencia-de-las-personas-mayores","status":"publish","type":"post","link":"https:\/\/elinformanteqro.com\/noticias\/arturo-maximiliano-garcia-destaca-el-valor-de-la-experiencia-de-las-personas-mayores\/","title":{"rendered":"Arturo Maximiliano Garc\u00eda destaca el valor de la experiencia de las personas mayores"},"content":{"rendered":"\n<p class=\"wp-block-paragraph\">En el marco del D\u00eda del Adulto Mayor, el diputado <strong>Arturo Maximiliano Garc\u00eda P\u00e9rez<\/strong>, coordinador del Grupo Legislativo de Morena en la LXI Legislatura, presidi\u00f3 la presentaci\u00f3n del libro <em>\u201cPersonas mayores visibles, participamos, nos empoderamos\u201d<\/em>, escrito por <strong>Jos\u00e9 Ernesto Padilla Nieto<\/strong>, especialista en temas de vejez.<\/p>\n\n\n\n<p class=\"wp-block-paragraph\">El evento, organizado en coordinaci\u00f3n con Mart\u00edn Mart\u00ednez y Gregorio Morales, tuvo como prop\u00f3sito promover una visi\u00f3n positiva de la vejez y reconocer la importancia de la participaci\u00f3n activa de las personas mayores en la sociedad.<\/p>\n\n\n\n<p class=\"wp-block-paragraph\">Durante su intervenci\u00f3n, Arturo Maximiliano Garc\u00eda reconoci\u00f3 los programas y pol\u00edticas p\u00fablicas dirigidos a este sector, entre ellos las pensiones, las cuales consider\u00f3 tambi\u00e9n un reconocimiento a la realidad que enfrentan algunas personas al llegar a esta etapa de la vida, particularmente quienes no tuvieron la oportunidad de construir un patrimonio.<\/p>\n\n\n\n<p class=\"wp-block-paragraph\">El legislador destac\u00f3 adem\u00e1s la necesidad de fortalecer las pol\u00edticas de <strong>cuidado y asistencia social<\/strong>, ante los cambios demogr\u00e1ficos que enfrenta el pa\u00eds y la pr\u00f3xima transformaci\u00f3n de la pir\u00e1mide poblacional, en la que habr\u00e1 una mayor proporci\u00f3n de personas mayores respecto de j\u00f3venes.<\/p>\n\n\n\n<p class=\"wp-block-paragraph\">Se\u00f1al\u00f3 que la experiencia acumulada por este sector representa un recurso de gran valor para la sociedad, al recordar que las personas mayores cuentan con conocimientos adquiridos en \u00e1mbitos sociales, profesionales, empresariales y gubernamentales.<\/p>\n\n\n\n<p class=\"wp-block-paragraph\">\u201cEs muy valiosa la posibilidad de c\u00f3mo justamente tener el o\u00eddo, el di\u00e1logo y la inclusi\u00f3n, de esto que es sabidur\u00eda; al final de cuentas es acumulaci\u00f3n de experiencias y sabidur\u00eda\u201d, expres\u00f3.<\/p>\n\n\n\n<p class=\"wp-block-paragraph\">Garc\u00eda P\u00e9rez resalt\u00f3 que, como plantea el libro, cada vez es m\u00e1s importante que las personas mayores contin\u00faen participando en espacios de toma de decisiones y que su experiencia sea reconocida y aprovechada.<\/p>\n\n\n\n<p class=\"wp-block-paragraph\">En este sentido, afirm\u00f3 que incluso ante el avance de herramientas como la inteligencia artificial, la experiencia humana acumulada contin\u00faa siendo insustituible.<\/p>\n\n\n\n<p class=\"wp-block-paragraph\">Durante la presentaci\u00f3n tambi\u00e9n particip\u00f3 la especialista en psicogerontolog\u00eda <strong>Leticia Genis<\/strong>, quien dio a conocer el diplomado <em>\u201cCuida, acompa\u00f1a, transforma\u201d<\/em>, enfocado en el cuidado de personas adultas mayores e impartido por la North America University Mexico.<\/p>\n\n\n\n<p class=\"wp-block-paragraph\">El programa, con una duraci\u00f3n de nueve meses y certificaci\u00f3n de validez oficial, contempla temas como atenci\u00f3n con calidad, estimulaci\u00f3n cognitiva, comunicaci\u00f3n efectiva, seguridad y bienestar. La especialista destac\u00f3 adem\u00e1s la importancia de promover la convivencia entre distintas generaciones para favorecer el intercambio de experiencias entre adultos mayores, j\u00f3venes y ni\u00f1os.<\/p>\n\n\n\n<p class=\"wp-block-paragraph\">Sobre el libro, se explic\u00f3 que busca contribuir a modificar la percepci\u00f3n negativa que existe sobre la vejez y promover una visi\u00f3n positiva, adem\u00e1s de ayudar a identificar y comprender las distintas realidades que viven las personas mayores en M\u00e9xico.<\/p>\n\n\n\n<p class=\"wp-block-paragraph\">La obra fue presentada como un <strong>puente entre generaciones<\/strong>, orientado a fomentar la escucha, el cuidado y el aprendizaje de quienes han contribuido a construir la sociedad, bajo la premisa de que reconocer a las personas mayores tambi\u00e9n significa valorar la historia y contribuir a construir el futuro.<\/p>\n","protected":false},"excerpt":{"rendered":"<p>En el marco del D\u00eda del Adulto Mayor, el diputado Arturo Maximiliano Garc\u00eda P\u00e9rez, coordinador del Grupo Legislativo de Morena en la LXI Legislatura, presidi\u00f3 la presentaci\u00f3n del libro \u201cPersonas mayores visibles, participamos, nos empoderamos\u201d, escrito por Jos\u00e9 Ernesto Padilla Nieto, especialista en temas de vejez. El evento, organizado en coordinaci\u00f3n con Mart\u00edn Mart\u00ednez y [&hellip;]<\/p>\n","protected":false},"author":5,"featured_media":84478,"comment_status":"closed","ping_status":"closed","sticky":false,"template":"","format":"standard","meta":{"footnotes":""},"categories":[3],"tags":[],"class_list":["post-84477","post","type-post","status-publish","format-standard","has-post-thumbnail","category-queretaro"],"_links":{"self":[{"href":"https:\/\/elinformanteqro.com\/noticias\/wp-json\/wp\/v2\/posts\/84477","targetHints":{"allow":["GET"]}}],"collection":[{"href":"https:\/\/elinformanteqro.com\/noticias\/wp-json\/wp\/v2\/posts"}],"about":[{"href":"https:\/\/elinformanteqro.com\/noticias\/wp-json\/wp\/v2\/types\/post"}],"author":[{"embeddable":true,"href":"https:\/\/elinformanteqro.com\/noticias\/wp-json\/wp\/v2\/users\/5"}],"replies":[{"embeddable":true,"href":"https:\/\/elinformanteqro.com\/noticias\/wp-json\/wp\/v2\/comments?post=84477"}],"version-history":[{"count":1,"href":"https:\/\/elinformanteqro.com\/noticias\/wp-json\/wp\/v2\/posts\/84477\/revisions"}],"predecessor-version":[{"id":84479,"href":"https:\/\/elinformanteqro.com\/noticias\/wp-json\/wp\/v2\/posts\/84477\/revisions\/84479"}],"wp:featuredmedia":[{"embeddable":true,"href":"https:\/\/elinformanteqro.com\/noticias\/wp-json\/wp\/v2\/media\/84478"}],"wp:attachment":[{"href":"https:\/\/elinformanteqro.com\/noticias\/wp-json\/wp\/v2\/media?parent=84477"}],"wp:term":[{"taxonomy":"category","embeddable":true,"href":"https:\/\/elinformanteqro.com\/noticias\/wp-json\/wp\/v2\/categories?post=84477"},{"taxonomy":"post_tag","embeddable":true,"href":"https:\/\/elinformanteqro.com\/noticias\/wp-json\/wp\/v2\/tags?post=84477"}],"curies":[{"name":"wp","href":"https:\/\/api.w.org\/{rel}","templated":true}]}}