{"id":84483,"date":"2026-08-28T17:46:45","date_gmt":"2026-08-28T23:46:45","guid":{"rendered":"https:\/\/elinformanteqro.com\/noticias\/?p=84483"},"modified":"2026-08-31T17:47:12","modified_gmt":"2026-08-31T23:47:12","slug":"queretaro-busca-impulsar-una-nueva-vision-de-desarrollo-economico-desde-lo-local-claudia-gayou","status":"publish","type":"post","link":"https:\/\/elinformanteqro.com\/noticias\/queretaro-busca-impulsar-una-nueva-vision-de-desarrollo-economico-desde-lo-local-claudia-gayou\/","title":{"rendered":"Quer\u00e9taro busca impulsar una nueva visi\u00f3n de desarrollo econ\u00f3mico desde lo local: Claudia Gayou"},"content":{"rendered":"\n<p class=\"wp-block-paragraph\">La diputada <strong>Claudia Gayou<\/strong>, presidenta de la Comisi\u00f3n de Desarrollo Econ\u00f3mico, Emprendimiento y Comercio de la LXI Legislatura, particip\u00f3 en el <strong>Segundo Encuentro Nacional de Econom\u00eda Social<\/strong>, organizado por la Secretar\u00eda de Econom\u00eda del Gobierno de M\u00e9xico, con el objetivo de fortalecer una visi\u00f3n de desarrollo econ\u00f3mico centrada en las personas, las comunidades y las iniciativas productivas locales.<\/p>\n\n\n\n<p class=\"wp-block-paragraph\">Durante el encuentro se gener\u00f3 un espacio de di\u00e1logo entre representantes del sector cooperativo, instituciones, academia y Poder Legislativo, para fortalecer el ecosistema de la econom\u00eda social y generar mejores condiciones para su desarrollo.<\/p>\n\n\n\n<p class=\"wp-block-paragraph\">Claudia Gayou destac\u00f3 que la econom\u00eda social est\u00e1 directamente relacionada con la generaci\u00f3n de <strong>empleo, ingresos, oportunidades y bienestar para las familias<\/strong>, por lo que consider\u00f3 necesario que los Congresos locales impulsen marcos legales acordes con las nuevas realidades econ\u00f3micas y con las capacidades productivas de las comunidades.<\/p>\n\n\n\n<p class=\"wp-block-paragraph\">\u201cUna buena ley no debe quedarse en el papel; debe traducirse en oportunidades, mejores ingresos y bienestar para la gente\u201d, afirm\u00f3.<\/p>\n\n\n\n<p class=\"wp-block-paragraph\">La legisladora inform\u00f3 que uno de los compromisos derivados de su participaci\u00f3n en este encuentro ser\u00e1 continuar con los trabajos para construir una <strong>Ley de Desarrollo Econ\u00f3mico y Prosperidad Compartida para Quer\u00e9taro<\/strong>, con una perspectiva orientada a promover un crecimiento econ\u00f3mico m\u00e1s incluyente, sostenible y vinculado con las necesidades de la poblaci\u00f3n.<\/p>\n\n\n\n<p class=\"wp-block-paragraph\">Como parte de este proceso, anunci\u00f3 que durante septiembre se realizar\u00e1 un <strong>foro en Quer\u00e9taro<\/strong>, con el prop\u00f3sito de abrir un espacio de participaci\u00f3n y di\u00e1logo para enriquecer la iniciativa de manera colectiva.<\/p>\n\n\n\n<p class=\"wp-block-paragraph\">Gayou se\u00f1al\u00f3 que el estado tiene la oportunidad de colocarse a la vanguardia y convertirse en referente de una nueva concepci\u00f3n del desarrollo econ\u00f3mico desde lo local, reconociendo el potencial de las comunidades, las personas emprendedoras y productoras, as\u00ed como de las distintas formas de organizaci\u00f3n econ\u00f3mica que contribuyen al bienestar colectivo.<\/p>\n\n\n\n<p class=\"wp-block-paragraph\">\u201cQueremos que Quer\u00e9taro sea referente de una econom\u00eda que no solamente mida cu\u00e1nto crece, sino cu\u00e1nto bienestar genera y a cu\u00e1ntas personas incorpora a ese desarrollo\u201d, expres\u00f3.<\/p>\n\n\n\n<p class=\"wp-block-paragraph\">Finalmente, la presidenta de la Comisi\u00f3n de Desarrollo Econ\u00f3mico, Emprendimiento y Comercio reiter\u00f3 que continuar\u00e1 promoviendo espacios de di\u00e1logo con los diferentes sectores de la sociedad para que la nueva legislaci\u00f3n sea construida de manera participativa y responda a las condiciones econ\u00f3micas del estado.<\/p>\n\n\n\n<p class=\"wp-block-paragraph\">El objetivo, afirm\u00f3, es construir desde Quer\u00e9taro una <strong>nueva visi\u00f3n de desarrollo econ\u00f3mico basada en la prosperidad compartida y en mayores oportunidades para todas y todos<\/strong>.<\/p>\n","protected":false},"excerpt":{"rendered":"<p>La diputada Claudia Gayou, presidenta de la Comisi\u00f3n de Desarrollo Econ\u00f3mico, Emprendimiento y Comercio de la LXI Legislatura, particip\u00f3 en el Segundo Encuentro Nacional de Econom\u00eda Social, organizado por la Secretar\u00eda de Econom\u00eda del Gobierno de M\u00e9xico, con el objetivo de fortalecer una visi\u00f3n de desarrollo econ\u00f3mico centrada en las personas, las comunidades y las [&hellip;]<\/p>\n","protected":false},"author":5,"featured_media":84484,"comment_status":"closed","ping_status":"closed","sticky":false,"template":"","format":"standard","meta":{"footnotes":""},"categories":[3],"tags":[],"class_list":["post-84483","post","type-post","status-publish","format-standard","has-post-thumbnail","category-queretaro"],"_links":{"self":[{"href":"https:\/\/elinformanteqro.com\/noticias\/wp-json\/wp\/v2\/posts\/84483","targetHints":{"allow":["GET"]}}],"collection":[{"href":"https:\/\/elinformanteqro.com\/noticias\/wp-json\/wp\/v2\/posts"}],"about":[{"href":"https:\/\/elinformanteqro.com\/noticias\/wp-json\/wp\/v2\/types\/post"}],"author":[{"embeddable":true,"href":"https:\/\/elinformanteqro.com\/noticias\/wp-json\/wp\/v2\/users\/5"}],"replies":[{"embeddable":true,"href":"https:\/\/elinformanteqro.com\/noticias\/wp-json\/wp\/v2\/comments?post=84483"}],"version-history":[{"count":1,"href":"https:\/\/elinformanteqro.com\/noticias\/wp-json\/wp\/v2\/posts\/84483\/revisions"}],"predecessor-version":[{"id":84485,"href":"https:\/\/elinformanteqro.com\/noticias\/wp-json\/wp\/v2\/posts\/84483\/revisions\/84485"}],"wp:featuredmedia":[{"embeddable":true,"href":"https:\/\/elinformanteqro.com\/noticias\/wp-json\/wp\/v2\/media\/84484"}],"wp:attachment":[{"href":"https:\/\/elinformanteqro.com\/noticias\/wp-json\/wp\/v2\/media?parent=84483"}],"wp:term":[{"taxonomy":"category","embeddable":true,"href":"https:\/\/elinformanteqro.com\/noticias\/wp-json\/wp\/v2\/categories?post=84483"},{"taxonomy":"post_tag","embeddable":true,"href":"https:\/\/elinformanteqro.com\/noticias\/wp-json\/wp\/v2\/tags?post=84483"}],"curies":[{"name":"wp","href":"https:\/\/api.w.org\/{rel}","templated":true}]}}