{"id":84490,"date":"2026-08-31T17:54:11","date_gmt":"2026-08-31T23:54:11","guid":{"rendered":"https:\/\/elinformanteqro.com\/noticias\/?p=84490"},"modified":"2026-08-31T17:54:12","modified_gmt":"2026-08-31T23:54:12","slug":"rbc-granfondo-whistler-2026-se-consolida-como-antesala-del-gran-fondo-riviera-nayarit-2027","status":"publish","type":"post","link":"https:\/\/elinformanteqro.com\/noticias\/rbc-granfondo-whistler-2026-se-consolida-como-antesala-del-gran-fondo-riviera-nayarit-2027\/","title":{"rendered":"RBC GranFondo Whistler 2026 se consolida como antesala del Gran Fondo Riviera Nayarit 2027"},"content":{"rendered":"\n<p class=\"wp-block-paragraph\">El <strong>RBC GranFondo Whistler 2026<\/strong>, considerado uno de los eventos ciclistas m\u00e1s importantes de Norteam\u00e9rica, celebrar\u00e1 su edici\u00f3n el pr\u00f3ximo <strong>12 de septiembre<\/strong>, con recorridos entre Vancouver y Whistler, en Canad\u00e1, y se perfila como un punto de encuentro para la comunidad ciclista mexicana y canadiense de cara al <strong>Gran Fondo Riviera Nayarit 2027<\/strong>.<\/p>\n\n\n\n<p class=\"wp-block-paragraph\">Sabino Producciones y la Secretar\u00eda de Turismo de Nayarit, organizadores del Gran Fondo Riviera Nayarit, participan como aliados estrat\u00e9gicos en el evento canadiense, que desde su creaci\u00f3n en 2010, como parte del legado de los Juegos Ol\u00edmpicos de Invierno de Vancouver, ha reunido anualmente a alrededor de <strong>6 mil ciclistas de distintas partes del mundo<\/strong>.<\/p>\n\n\n\n<p class=\"wp-block-paragraph\">La competencia ofrece recorridos de <strong>55 a 146 kil\u00f3metros<\/strong>, distribuidos en las categor\u00edas Media, Gran Fondo y Forte. Los participantes recorren la emblem\u00e1tica carretera <strong>Sea-to-Sky Highway<\/strong>, partiendo de Stanley Park, en Vancouver, hasta llegar a Whistler, uno de los principales destinos de monta\u00f1a de Canad\u00e1.<\/p>\n\n\n\n<p class=\"wp-block-paragraph\">Adem\u00e1s de la competencia deportiva, el RBC GranFondo Whistler ofrece una experiencia enfocada en la convivencia y la comunidad ciclista. Las inscripciones parten de <strong>255 d\u00f3lares estadounidenses<\/strong> para la categor\u00eda Media y de <strong>450 d\u00f3lares<\/strong> para Gran Fondo, e incluyen kit de participaci\u00f3n, medalla conmemorativa, cronometraje electr\u00f3nico y celebraci\u00f3n posterior a la carrera, entre otros servicios.<\/p>\n\n\n\n<p class=\"wp-block-paragraph\">Los embajadores del Gran Fondo Riviera Nayarit, <strong>Laura Lozano, Sebasti\u00e1n Miranda y Lucy Castillejos<\/strong>, destacaron que la participaci\u00f3n de ciclistas mexicanos en eventos internacionales contribuye a elevar el nivel competitivo del deporte y fortalece la proyecci\u00f3n de Riviera Nayarit como destino para el turismo deportivo.<\/p>\n\n\n\n<p class=\"wp-block-paragraph\">El <strong>Gran Fondo Riviera Nayarit<\/strong> se realizar\u00e1 el pr\u00f3ximo <strong>17 de abril de 2027<\/strong> y ofrecer\u00e1 a ciclistas nacionales e internacionales una ruta que combinar\u00e1 paisajes costeros y de media monta\u00f1a, clima c\u00e1lido y la hospitalidad caracter\u00edstica del destino.<\/p>\n\n\n\n<p class=\"wp-block-paragraph\">La competencia busca posicionar a Riviera Nayarit como un escenario atractivo para quienes buscan combinar el desaf\u00edo deportivo con una experiencia tur\u00edstica sobre dos ruedas.<\/p>\n\n\n\n<p class=\"wp-block-paragraph\">Quienes deseen participar en el RBC GranFondo Whistler 2026 todav\u00eda pueden consultar las categor\u00edas disponibles e inscribirse a trav\u00e9s de <a target=\"_blank\" rel=\"noopener\" href=\"https:\/\/www.rbcgranfondo.com\/es-mx\/event\/whistler?utm_source=chatgpt.com\">RBC GranFondo Whistler<\/a>.<\/p>\n","protected":false},"excerpt":{"rendered":"<p>El RBC GranFondo Whistler 2026, considerado uno de los eventos ciclistas m\u00e1s importantes de Norteam\u00e9rica, celebrar\u00e1 su edici\u00f3n el pr\u00f3ximo 12 de septiembre, con recorridos entre Vancouver y Whistler, en Canad\u00e1, y se perfila como un punto de encuentro para la comunidad ciclista mexicana y canadiense de cara al Gran Fondo Riviera Nayarit 2027. Sabino [&hellip;]<\/p>\n","protected":false},"author":5,"featured_media":84492,"comment_status":"closed","ping_status":"closed","sticky":false,"template":"","format":"standard","meta":{"footnotes":""},"categories":[5],"tags":[],"class_list":["post-84490","post","type-post","status-publish","format-standard","has-post-thumbnail","category-mexico"],"_links":{"self":[{"href":"https:\/\/elinformanteqro.com\/noticias\/wp-json\/wp\/v2\/posts\/84490","targetHints":{"allow":["GET"]}}],"collection":[{"href":"https:\/\/elinformanteqro.com\/noticias\/wp-json\/wp\/v2\/posts"}],"about":[{"href":"https:\/\/elinformanteqro.com\/noticias\/wp-json\/wp\/v2\/types\/post"}],"author":[{"embeddable":true,"href":"https:\/\/elinformanteqro.com\/noticias\/wp-json\/wp\/v2\/users\/5"}],"replies":[{"embeddable":true,"href":"https:\/\/elinformanteqro.com\/noticias\/wp-json\/wp\/v2\/comments?post=84490"}],"version-history":[{"count":1,"href":"https:\/\/elinformanteqro.com\/noticias\/wp-json\/wp\/v2\/posts\/84490\/revisions"}],"predecessor-version":[{"id":84493,"href":"https:\/\/elinformanteqro.com\/noticias\/wp-json\/wp\/v2\/posts\/84490\/revisions\/84493"}],"wp:featuredmedia":[{"embeddable":true,"href":"https:\/\/elinformanteqro.com\/noticias\/wp-json\/wp\/v2\/media\/84492"}],"wp:attachment":[{"href":"https:\/\/elinformanteqro.com\/noticias\/wp-json\/wp\/v2\/media?parent=84490"}],"wp:term":[{"taxonomy":"category","embeddable":true,"href":"https:\/\/elinformanteqro.com\/noticias\/wp-json\/wp\/v2\/categories?post=84490"},{"taxonomy":"post_tag","embeddable":true,"href":"https:\/\/elinformanteqro.com\/noticias\/wp-json\/wp\/v2\/tags?post=84490"}],"curies":[{"name":"wp","href":"https:\/\/api.w.org\/{rel}","templated":true}]}}