{"id":84523,"date":"2026-09-01T11:11:21","date_gmt":"2026-09-01T17:11:21","guid":{"rendered":"https:\/\/elinformanteqro.com\/noticias\/?p=84523"},"modified":"2026-09-02T11:11:59","modified_gmt":"2026-09-02T17:11:59","slug":"roberto-cabrera-y-director-general-del-cobaq-ponen-en-marcha-el-bachillerato-incluyente-en-san-juan-del-rio","status":"publish","type":"post","link":"https:\/\/elinformanteqro.com\/noticias\/roberto-cabrera-y-director-general-del-cobaq-ponen-en-marcha-el-bachillerato-incluyente-en-san-juan-del-rio\/","title":{"rendered":"Roberto Cabrera y director general del COBAQ ponen en marcha el Bachillerato Incluyente en San Juan del R\u00edo"},"content":{"rendered":"\n<p class=\"wp-block-paragraph\">Con el objetivo de ampliar el acceso a la educaci\u00f3n media superior para j\u00f3venes con discapacidad, el presidente municipal de San Juan del R\u00edo, <strong>Roberto Cabrera Valencia<\/strong>, y el director general del Colegio de Bachilleres del Estado de Quer\u00e9taro (COBAQ), <strong>Le\u00f3n Enrique Bola\u00f1o Mendoza<\/strong>, encabezaron la ceremonia de inicio del semestre <strong>2026-B<\/strong> y el arranque del <strong>Bachillerato Incluyente<\/strong> en el plantel 10 de esta instituci\u00f3n.<\/p>\n\n\n\n<p class=\"wp-block-paragraph\">Durante el evento, Roberto Cabrera calific\u00f3 como <strong>hist\u00f3rico<\/strong> el inicio de este proyecto, al representar una nueva oportunidad para que estudiantes con discapacidad puedan continuar con su formaci\u00f3n acad\u00e9mica y posteriormente acceder a estudios universitarios.<\/p>\n\n\n\n<p class=\"wp-block-paragraph\">El presidente municipal destac\u00f3 que este esquema permitir\u00e1 que j\u00f3venes con discapacidad puedan desarrollar sus capacidades y contar con mayores oportunidades para construir un proyecto de vida pleno.<\/p>\n\n\n\n<p class=\"wp-block-paragraph\">\u201cHoy tendremos la oportunidad [\u2026] de tener una educaci\u00f3n de bachillerato, por primera vez muy formal en San Juan del R\u00edo, para que despu\u00e9s den paso a las universidades; por supuesto lleguen a las licenciaturas y cumplan con una vida plena que se merecen tambi\u00e9n nuestras familias con un ser querido con discapacidad\u201d, expres\u00f3.<\/p>\n\n\n\n<p class=\"wp-block-paragraph\">Por su parte, <strong>Le\u00f3n Enrique Bola\u00f1o Mendoza<\/strong> se\u00f1al\u00f3 que el COBAQ es la \u00fanica instituci\u00f3n p\u00fablica de educaci\u00f3n media superior en Quer\u00e9taro que cuenta con planteles que atienden a estudiantes con discapacidad <strong>auditiva, visual o motriz<\/strong>.<\/p>\n\n\n\n<p class=\"wp-block-paragraph\">El director general reconoci\u00f3 el respaldo de Roberto Cabrera para concretar el Bachillerato Incluyente en San Juan del R\u00edo y destac\u00f3 que este proyecto permitir\u00e1 generar mejores condiciones para que las juventudes contin\u00faen sus estudios y se desarrollen con plenitud.<\/p>\n\n\n\n<p class=\"wp-block-paragraph\">\u201cEstoy muy feliz de lograr este sue\u00f1o que te compart\u00ed hace tiempo atr\u00e1s y que t\u00fa lo compartiste. Dijiste: \u2018S\u00ed, nos urge, lo necesitamos en San Juan del R\u00edo\u2019. Muchas gracias por tu sensibilidad, por tu visi\u00f3n\u201d, manifest\u00f3 Bola\u00f1o Mendoza.<\/p>\n\n\n\n<p class=\"wp-block-paragraph\">Con el arranque de este programa, el plantel 10 del COBAQ se suma a los esfuerzos para fortalecer una educaci\u00f3n media superior m\u00e1s accesible e incluyente para las y los j\u00f3venes con discapacidad del municipio.<\/p>\n\n\n\n<p class=\"wp-block-paragraph\">En la ceremonia tambi\u00e9n estuvieron presentes <strong>Mar\u00eda Dolores Roc\u00edo Iztmi N\u00fa\u00f1ez<\/strong>, directora Acad\u00e9mica del COBAQ; <strong>Wendy Mariana S\u00e1nchez Gonz\u00e1lez<\/strong>, directora de Vinculaci\u00f3n; <strong>Francisco Tovar Espinoza<\/strong>, coordinador de la Regi\u00f3n San Juan del R\u00edo; <strong>Martha Cristal L\u00f3pez Guti\u00e9rrez<\/strong>, coordinadora de Bachillerato Incluyente; <strong>Juan Francisco Arriaga Hern\u00e1ndez<\/strong>, director del COBAQ plantel 10 \u201cSan Juan del R\u00edo\u201d; <strong>Rosalba Ruiz Ramos<\/strong>, s\u00edndica del Ayuntamiento de San Juan del R\u00edo, y <strong>Martina D\u00edaz Santill\u00e1n<\/strong>, presidenta de la Sociedad de Padres de Familia del COBAQ 10.<\/p>\n","protected":false},"excerpt":{"rendered":"<p>Con el objetivo de ampliar el acceso a la educaci\u00f3n media superior para j\u00f3venes con discapacidad, el presidente municipal de San Juan del R\u00edo, Roberto Cabrera Valencia, y el director general del Colegio de Bachilleres del Estado de Quer\u00e9taro (COBAQ), Le\u00f3n Enrique Bola\u00f1o Mendoza, encabezaron la ceremonia de inicio del semestre 2026-B y el arranque [&hellip;]<\/p>\n","protected":false},"author":5,"featured_media":84524,"comment_status":"closed","ping_status":"closed","sticky":false,"template":"","format":"standard","meta":{"footnotes":""},"categories":[4],"tags":[],"class_list":["post-84523","post","type-post","status-publish","format-standard","has-post-thumbnail","category-sanjuandelrio"],"_links":{"self":[{"href":"https:\/\/elinformanteqro.com\/noticias\/wp-json\/wp\/v2\/posts\/84523","targetHints":{"allow":["GET"]}}],"collection":[{"href":"https:\/\/elinformanteqro.com\/noticias\/wp-json\/wp\/v2\/posts"}],"about":[{"href":"https:\/\/elinformanteqro.com\/noticias\/wp-json\/wp\/v2\/types\/post"}],"author":[{"embeddable":true,"href":"https:\/\/elinformanteqro.com\/noticias\/wp-json\/wp\/v2\/users\/5"}],"replies":[{"embeddable":true,"href":"https:\/\/elinformanteqro.com\/noticias\/wp-json\/wp\/v2\/comments?post=84523"}],"version-history":[{"count":1,"href":"https:\/\/elinformanteqro.com\/noticias\/wp-json\/wp\/v2\/posts\/84523\/revisions"}],"predecessor-version":[{"id":84525,"href":"https:\/\/elinformanteqro.com\/noticias\/wp-json\/wp\/v2\/posts\/84523\/revisions\/84525"}],"wp:featuredmedia":[{"embeddable":true,"href":"https:\/\/elinformanteqro.com\/noticias\/wp-json\/wp\/v2\/media\/84524"}],"wp:attachment":[{"href":"https:\/\/elinformanteqro.com\/noticias\/wp-json\/wp\/v2\/media?parent=84523"}],"wp:term":[{"taxonomy":"category","embeddable":true,"href":"https:\/\/elinformanteqro.com\/noticias\/wp-json\/wp\/v2\/categories?post=84523"},{"taxonomy":"post_tag","embeddable":true,"href":"https:\/\/elinformanteqro.com\/noticias\/wp-json\/wp\/v2\/tags?post=84523"}],"curies":[{"name":"wp","href":"https:\/\/api.w.org\/{rel}","templated":true}]}}