{"id":84528,"date":"2026-09-02T11:57:19","date_gmt":"2026-09-02T17:57:19","guid":{"rendered":"https:\/\/elinformanteqro.com\/noticias\/?p=84528"},"modified":"2026-09-02T11:57:20","modified_gmt":"2026-09-02T17:57:20","slug":"anuncian-el-congreso-regional-multidisciplinario-cinco-siglos-del-proceso-de-poblamiento-y-repoblamiento-de-la-region-queretana","status":"publish","type":"post","link":"https:\/\/elinformanteqro.com\/noticias\/anuncian-el-congreso-regional-multidisciplinario-cinco-siglos-del-proceso-de-poblamiento-y-repoblamiento-de-la-region-queretana\/","title":{"rendered":"Anuncian el \u201cCongreso Regional Multidisciplinario Cinco Siglos del Proceso de Poblamiento y Repoblamiento de la Regi\u00f3n Queretana\u201d"},"content":{"rendered":"\n<p class=\"wp-block-paragraph\">*El encuentro se llevar\u00e1 a cabo del mi\u00e9rcoles 09 al s\u00e1bado 12 de septiembre; ser\u00e1 gratuito con registro previo (https:\/\/registro.congresocincosiglos.mx\/) y se desarrollar\u00e1 en San Juan del R\u00edo, Corregidora, Huimilpan y Quer\u00e9taro.*<\/p>\n\n\n\n<p class=\"wp-block-paragraph\">* En San Juan del R\u00edo el Portal del Diezmo ser\u00e1 sede de la bienvenida, una conferencia magistral, la primera Mesa del congreso, as\u00ed como una visita guiada a la Zona Arqueol\u00f3gica del Cerro y Barrio de La Cruz.<br><br><br>Para generar un espacio de di\u00e1logo multidisciplinario, difundir el conocimiento sobre el poblamiento del territorio queretano por parte de los pueblos originarios y la conquista, as\u00ed como las instituciones sociales emanadas de estos procesos, del mi\u00e9rcoles 09 al s\u00e1bado 12 de septiembre se realizar\u00e1 el \u201cCongreso Regional Multidisciplinario Cinco Siglos del Proceso de Poblamiento y Repoblamiento de la Regi\u00f3n Queretana\u201d.<br><br>Este encuentro -organizado y apoyado por la Secretar\u00eda de Cultura del Estado de Quer\u00e9taro; la Asociaci\u00f3n de Cronistas Municipales del Estado de Quer\u00e9taro; la Universidad Aut\u00f3noma de Quer\u00e9taro, a trav\u00e9s de la Facultad de Ciencias Pol\u00edticas y Sociales; el Centro INAH de Quer\u00e9taro; los municipios de San Juan del R\u00edo, Quer\u00e9taro, Corregidora y Huimilpan-, ser\u00e1 gratuito con registro previo y se desarrollar\u00e1 en San Juan del R\u00edo, Corregidora, Huimilpan y en la capital del estado.<br><br>El mi\u00e9rcoles 09 de septiembre, a partir de las 9:30 horas, el Portal del Diezmo, ubicado en el Centro Hist\u00f3rico del municipio de San Juan del R\u00edo, ser\u00e1 sede del acto de bienvenida y, posteriormente, de la conferencia magistral \u201cDiversidad Poblacional en el Centro-Norte. Siglo XVI\u201d; la Mesa 1, \u201cPoblamiento\u201d, moderada por el cronista municipal sanjuanense, Ubaldo Neftal\u00ed S\u00e1enz B\u00e1rcenas; as\u00ed como una visita guiada a la Zona Arqueol\u00f3gica del Cerro y Barrio de La Cruz.<br><br>Al d\u00eda siguiente, el jueves 10, a partir de las 09 horas, el Sal\u00f3n de la Historia del Archivo Hist\u00f3rico del Estado de Quer\u00e9taro, en la capital queretana, ser\u00e1 sede de la inauguraci\u00f3n del Congreso, para despu\u00e9s dar paso a la conferencia magistral \u201cAn\u00e1lisis Diplom\u00e1tico de la Real C\u00e9dula de 1541\u201d; la Mesa 2, \u201cPoblamiento\u201d, moderada por Cristina Quintanar; la Mesa 3, \u201cLa Apropiaci\u00f3n\u201d, bajo la conducci\u00f3n de Patricia P\u00e9rez Mungu\u00eda; la presentaci\u00f3n del libro \u201cLa Peregrinaci\u00f3n Mexica y su Paso por Territorio Queretano\u201d; y la presentaci\u00f3n cultural \u201cManzanilla y Miel\u201d, esta \u00faltima en el Centro de las Artes de Quer\u00e9taro a las 19:15 horas.<br><br>Las actividades del viernes 11 se desarrollar\u00e1n en el Sal\u00f3n de la Historia del Archivo Hist\u00f3rico del Estado de Quer\u00e9taro a partir de las 09 horas con la conferencia magistral \u201cInvadir o Poblar. Breves Apuntamientos sobre la Llegada Hispana al Centro-Norte; luego se realizar\u00e1 la Mesa 4, \u201cLos Actores\u201d, conducida por Omar Arteaga Paz; la conferencia magistral \u201cLos Otom\u00edes, la Guerra y la Colonizaci\u00f3n del Baj\u00edo\u201d; la Mesa 5, \u201cReflexiones y Aportaciones\u201d, con la moderaci\u00f3n de Oliva Sol\u00eds Hern\u00e1ndez; y, en el Centro de las Artes de Quer\u00e9taro a las 16:30 horas, la presentaci\u00f3n cultural \u201cCompa\u00f1\u00eda de Danza Aztl\u00e1n\u201d.<br><br>En el \u00faltimo d\u00eda del \u201cCongreso Regional Multidisciplinario Cinco Siglos del Proceso de Poblamiento y Repoblamiento de la Regi\u00f3n Queretana\u201d, es decir, el s\u00e1bado 12, a las 10 horas, habr\u00e1 una visita al Museo de Sitio del INAH y recorrido por la Zona Arqueol\u00f3gica de El Cerrito, en Corregidora; mientras que, a las 12:45, en la ExHacienda de Apap\u00e1taro, en el municipio de Huimilpan, se presentar\u00e1 el libro \u201cEstudios Hist\u00f3ricos, Sociales y Culturales sobre Huimilpan. Viajes y Andanzas por el Lugar de las Grandes Milpas\u201d; posteriormente tendr\u00e1 lugar la conferencia magistral \u201cEl Poblamiento Prehisp\u00e1nico de Huimilpan, Quer\u00e9taro\u201d; y, a las 14:45 horas, se llevar\u00e1 a cabo la clausura del encuentro.<br><br>Es importante mencionar que se contar\u00e1 con servicio de transporte sin costo, con registro previo y cupo limitado, para traslados desde Quer\u00e9taro a San Juan del R\u00edo; a la Zona Arqueol\u00f3gica del Cerro y Barrio de La Cruz; Hacienda de Apap\u00e1taro, y otras rutas marcadas en el programa del congreso. El registro puede realizarse en l\u00ednea en <a href=\"https:\/\/registro.congresocincosiglos.mx\/\" target=\"_blank\" rel=\"noopener\">https:\/\/registro.congresocincosiglos.mx\/<\/a>.<\/p>\n","protected":false},"excerpt":{"rendered":"<p>*El encuentro se llevar\u00e1 a cabo del mi\u00e9rcoles 09 al s\u00e1bado 12 de septiembre; ser\u00e1 gratuito con registro previo (https:\/\/registro.congresocincosiglos.mx\/) y se desarrollar\u00e1 en San Juan del R\u00edo, Corregidora, Huimilpan y Quer\u00e9taro.* * En San Juan del R\u00edo el Portal del Diezmo ser\u00e1 sede de la bienvenida, una conferencia magistral, la primera Mesa del congreso, [&hellip;]<\/p>\n","protected":false},"author":5,"featured_media":84529,"comment_status":"closed","ping_status":"closed","sticky":false,"template":"","format":"standard","meta":{"footnotes":""},"categories":[4],"tags":[],"class_list":["post-84528","post","type-post","status-publish","format-standard","has-post-thumbnail","category-sanjuandelrio"],"_links":{"self":[{"href":"https:\/\/elinformanteqro.com\/noticias\/wp-json\/wp\/v2\/posts\/84528","targetHints":{"allow":["GET"]}}],"collection":[{"href":"https:\/\/elinformanteqro.com\/noticias\/wp-json\/wp\/v2\/posts"}],"about":[{"href":"https:\/\/elinformanteqro.com\/noticias\/wp-json\/wp\/v2\/types\/post"}],"author":[{"embeddable":true,"href":"https:\/\/elinformanteqro.com\/noticias\/wp-json\/wp\/v2\/users\/5"}],"replies":[{"embeddable":true,"href":"https:\/\/elinformanteqro.com\/noticias\/wp-json\/wp\/v2\/comments?post=84528"}],"version-history":[{"count":1,"href":"https:\/\/elinformanteqro.com\/noticias\/wp-json\/wp\/v2\/posts\/84528\/revisions"}],"predecessor-version":[{"id":84530,"href":"https:\/\/elinformanteqro.com\/noticias\/wp-json\/wp\/v2\/posts\/84528\/revisions\/84530"}],"wp:featuredmedia":[{"embeddable":true,"href":"https:\/\/elinformanteqro.com\/noticias\/wp-json\/wp\/v2\/media\/84529"}],"wp:attachment":[{"href":"https:\/\/elinformanteqro.com\/noticias\/wp-json\/wp\/v2\/media?parent=84528"}],"wp:term":[{"taxonomy":"category","embeddable":true,"href":"https:\/\/elinformanteqro.com\/noticias\/wp-json\/wp\/v2\/categories?post=84528"},{"taxonomy":"post_tag","embeddable":true,"href":"https:\/\/elinformanteqro.com\/noticias\/wp-json\/wp\/v2\/tags?post=84528"}],"curies":[{"name":"wp","href":"https:\/\/api.w.org\/{rel}","templated":true}]}}