{"id":84531,"date":"2026-09-02T12:17:17","date_gmt":"2026-09-02T18:17:17","guid":{"rendered":"https:\/\/elinformanteqro.com\/noticias\/?p=84531"},"modified":"2026-09-02T12:17:18","modified_gmt":"2026-09-02T18:17:18","slug":"queretaro-brinda-certeza-y-condiciones-para-impulsar-la-inversion-kuri","status":"publish","type":"post","link":"https:\/\/elinformanteqro.com\/noticias\/queretaro-brinda-certeza-y-condiciones-para-impulsar-la-inversion-kuri\/","title":{"rendered":"Quer\u00e9taro brinda certeza y condiciones para impulsar la inversi\u00f3n: Kuri"},"content":{"rendered":"\n<p class=\"wp-block-paragraph\">El gobernador de Quer\u00e9taro, Mauricio Kuri Gonz\u00e1lez, destac\u00f3 que durante los \u00faltimos cinco a\u00f1os su administraci\u00f3n ha trabajado para consolidar un entorno de certeza, seguridad, talento y condiciones favorables para el desarrollo de las empresas.<\/p>\n\n\n\n<p class=\"wp-block-paragraph\">Durante un encuentro con representantes del sector productivo, realizado en el Quer\u00e9taro Centro de Congresos con motivo de su quinto informe de gobierno, el mandatario estatal reconoci\u00f3 a las y los empresarios como aliados fundamentales para el crecimiento econ\u00f3mico de la entidad.<\/p>\n\n\n\n<p class=\"wp-block-paragraph\">Kuri Gonz\u00e1lez se\u00f1al\u00f3 que corresponde a las empresas generar riqueza y empleo, mientras que el gobierno debe crear las condiciones necesarias para facilitar las inversiones y evitar que la burocracia represente un obst\u00e1culo para quienes desean emprender o ampliar sus negocios.<\/p>\n\n\n\n<p class=\"wp-block-paragraph\">El Gobernador afirm\u00f3 que Quer\u00e9taro ha logrado consolidarse como una entidad con certeza jur\u00eddica y seguridad para invertir. Record\u00f3 que, desde 2021, el estado ocupa el primer lugar nacional en Estado de Derecho y registra la menor percepci\u00f3n de corrupci\u00f3n del pa\u00eds.<\/p>\n\n\n\n<p class=\"wp-block-paragraph\">Asimismo, inform\u00f3 que durante su administraci\u00f3n se han invertido m\u00e1s de cuatro mil millones de pesos en materia de seguridad, adem\u00e1s de que se han concretado 233 proyectos nacionales y extranjeros, que representan una inversi\u00f3n superior a los 139 mil millones de pesos y la generaci\u00f3n de m\u00e1s de 63 mil empleos.<\/p>\n\n\n\n<p class=\"wp-block-paragraph\">En materia tecnol\u00f3gica, destac\u00f3 que Quer\u00e9taro concentra 72 por ciento de la capacidad instalada de Centros de Datos en M\u00e9xico, lo que posiciona a la entidad como l\u00edder nacional en este sector.<\/p>\n\n\n\n<p class=\"wp-block-paragraph\">Tambi\u00e9n resalt\u00f3 los avances en educaci\u00f3n y oportunidades para los j\u00f3venes, al se\u00f1alar que Quer\u00e9taro ocupa el segundo lugar nacional en oportunidades de empleo juvenil y en promedio de a\u00f1os de estudio, adem\u00e1s de haber avanzado del lugar 29 al tercero nacional con menor abandono escolar.<\/p>\n\n\n\n<p class=\"wp-block-paragraph\">Kuri Gonz\u00e1lez sostuvo que el crecimiento econ\u00f3mico debe traducirse en mejores condiciones de vida para las familias. En este sentido, destac\u00f3 la reducci\u00f3n del 60 por ciento en pobreza extrema, el 95 por ciento de surtimiento de recetas e insumos m\u00e9dicos y la transformaci\u00f3n del sistema de transporte p\u00fablico.<\/p>\n\n\n\n<p class=\"wp-block-paragraph\">Por su parte, el secretario de Desarrollo Sustentable, Marco Antonio Del Prete Tercero, asegur\u00f3 que la historia de \u00e9xito de Quer\u00e9taro se construye diariamente desde las empresas, industrias, comercios, talleres, parques industriales y universidades.<\/p>\n\n\n\n<p class=\"wp-block-paragraph\">Subray\u00f3 que los resultados alcanzados representan un punto de partida para continuar fortaleciendo el desarrollo de proveedores locales, la innovaci\u00f3n tecnol\u00f3gica y la formaci\u00f3n de talento, con el objetivo de que m\u00e1s empresas queretanas ocupen posiciones de mayor valor dentro de las cadenas productivas.<\/p>\n\n\n\n<p class=\"wp-block-paragraph\">El titular de SEDESU reiter\u00f3 que el gobierno estatal mantendr\u00e1 una pol\u00edtica de acompa\u00f1amiento y escucha hacia el sector empresarial, al reconocer que facilitar el crecimiento de una empresa representa tambi\u00e9n la apertura de nuevas oportunidades para las familias queretanas.<\/p>\n","protected":false},"excerpt":{"rendered":"<p>El gobernador de Quer\u00e9taro, Mauricio Kuri Gonz\u00e1lez, destac\u00f3 que durante los \u00faltimos cinco a\u00f1os su administraci\u00f3n ha trabajado para consolidar un entorno de certeza, seguridad, talento y condiciones favorables para el desarrollo de las empresas. Durante un encuentro con representantes del sector productivo, realizado en el Quer\u00e9taro Centro de Congresos con motivo de su quinto [&hellip;]<\/p>\n","protected":false},"author":5,"featured_media":84532,"comment_status":"closed","ping_status":"closed","sticky":false,"template":"","format":"standard","meta":{"footnotes":""},"categories":[3],"tags":[],"class_list":["post-84531","post","type-post","status-publish","format-standard","has-post-thumbnail","category-queretaro"],"_links":{"self":[{"href":"https:\/\/elinformanteqro.com\/noticias\/wp-json\/wp\/v2\/posts\/84531","targetHints":{"allow":["GET"]}}],"collection":[{"href":"https:\/\/elinformanteqro.com\/noticias\/wp-json\/wp\/v2\/posts"}],"about":[{"href":"https:\/\/elinformanteqro.com\/noticias\/wp-json\/wp\/v2\/types\/post"}],"author":[{"embeddable":true,"href":"https:\/\/elinformanteqro.com\/noticias\/wp-json\/wp\/v2\/users\/5"}],"replies":[{"embeddable":true,"href":"https:\/\/elinformanteqro.com\/noticias\/wp-json\/wp\/v2\/comments?post=84531"}],"version-history":[{"count":1,"href":"https:\/\/elinformanteqro.com\/noticias\/wp-json\/wp\/v2\/posts\/84531\/revisions"}],"predecessor-version":[{"id":84533,"href":"https:\/\/elinformanteqro.com\/noticias\/wp-json\/wp\/v2\/posts\/84531\/revisions\/84533"}],"wp:featuredmedia":[{"embeddable":true,"href":"https:\/\/elinformanteqro.com\/noticias\/wp-json\/wp\/v2\/media\/84532"}],"wp:attachment":[{"href":"https:\/\/elinformanteqro.com\/noticias\/wp-json\/wp\/v2\/media?parent=84531"}],"wp:term":[{"taxonomy":"category","embeddable":true,"href":"https:\/\/elinformanteqro.com\/noticias\/wp-json\/wp\/v2\/categories?post=84531"},{"taxonomy":"post_tag","embeddable":true,"href":"https:\/\/elinformanteqro.com\/noticias\/wp-json\/wp\/v2\/tags?post=84531"}],"curies":[{"name":"wp","href":"https:\/\/api.w.org\/{rel}","templated":true}]}}