{"id":84534,"date":"2026-09-02T12:22:47","date_gmt":"2026-09-02T18:22:47","guid":{"rendered":"https:\/\/elinformanteqro.com\/noticias\/?p=84534"},"modified":"2026-09-02T12:22:49","modified_gmt":"2026-09-02T18:22:49","slug":"bienestar-y-soberania-nacional-destacan-en-el-segundo-informe-de-sheinbaum-astudillo","status":"publish","type":"post","link":"https:\/\/elinformanteqro.com\/noticias\/bienestar-y-soberania-nacional-destacan-en-el-segundo-informe-de-sheinbaum-astudillo\/","title":{"rendered":"Bienestar y soberan\u00eda nacional destacan en el Segundo Informe de Sheinbaum: Astudillo"},"content":{"rendered":"\n<p class=\"wp-block-paragraph\">El diputado federal por Quer\u00e9taro, Ricardo Astudillo Su\u00e1rez, asegur\u00f3 que la presidenta de M\u00e9xico, Claudia Sheinbaum, present\u00f3 buenas cuentas al pueblo mexicano durante su Segundo Informe de Gobierno, al destacar avances en materia de bienestar y soberan\u00eda nacional.<\/p>\n\n\n\n<p class=\"wp-block-paragraph\">El legislador se\u00f1al\u00f3 que durante el segundo a\u00f1o de gobierno se han registrado avances en seguridad, materia laboral y programas de apoyo dirigidos a mujeres, j\u00f3venes y familias.<\/p>\n\n\n\n<p class=\"wp-block-paragraph\">Astudillo Su\u00e1rez destac\u00f3 tambi\u00e9n el avance hacia la reducci\u00f3n de la jornada laboral a 40 horas, como parte de las acciones encaminadas a mejorar las condiciones de vida de las y los trabajadores.<\/p>\n\n\n\n<p class=\"wp-block-paragraph\">En este sentido, afirm\u00f3 que los resultados de la administraci\u00f3n federal deben reflejarse directamente en la vida cotidiana de las familias mexicanas.<\/p>\n\n\n\n<blockquote class=\"wp-block-quote is-layout-flow wp-block-quote-is-layout-flow\">\n<p class=\"wp-block-paragraph\">\u201cLa Presidenta lo ha entendido muy bien: transformar un pa\u00eds no es solamente hablar de grandes cifras, es lograr que esas cifras lleguen a la casa de la gente\u201d, afirm\u00f3.<\/p>\n<\/blockquote>\n\n\n\n<p class=\"wp-block-paragraph\">El diputado del Partido Verde Ecologista de M\u00e9xico se\u00f1al\u00f3 que la defensa de la soberan\u00eda nacional es otro de los aspectos centrales del informe presidencial, al considerar que M\u00e9xico debe tener la capacidad de tomar sus propias decisiones y fortalecer su producci\u00f3n, energ\u00eda, empleo, industria y campo.<\/p>\n\n\n\n<p class=\"wp-block-paragraph\">A\u00f1adi\u00f3 que estos objetivos tienen un impacto directo en entidades como Quer\u00e9taro, debido a su fortaleza industrial, empresarial, acad\u00e9mica y al talento de su poblaci\u00f3n.<\/p>\n\n\n\n<p class=\"wp-block-paragraph\">Ricardo Astudillo sostuvo que desde el estado corresponde acompa\u00f1ar los esfuerzos del Gobierno Federal, pero tambi\u00e9n trabajar desde lo local para atender las necesidades de la ciudadan\u00eda.<\/p>\n\n\n\n<p class=\"wp-block-paragraph\">Finalmente, asegur\u00f3 que continuar\u00e1 recorriendo los municipios de Quer\u00e9taro, escuchando a la poblaci\u00f3n y sumando esfuerzos para contribuir a la construcci\u00f3n de un estado y un pa\u00eds m\u00e1s fuertes.<\/p>\n","protected":false},"excerpt":{"rendered":"<p>El diputado federal por Quer\u00e9taro, Ricardo Astudillo Su\u00e1rez, asegur\u00f3 que la presidenta de M\u00e9xico, Claudia Sheinbaum, present\u00f3 buenas cuentas al pueblo mexicano durante su Segundo Informe de Gobierno, al destacar avances en materia de bienestar y soberan\u00eda nacional. El legislador se\u00f1al\u00f3 que durante el segundo a\u00f1o de gobierno se han registrado avances en seguridad, materia [&hellip;]<\/p>\n","protected":false},"author":5,"featured_media":84535,"comment_status":"closed","ping_status":"closed","sticky":false,"template":"","format":"standard","meta":{"footnotes":""},"categories":[3],"tags":[],"class_list":["post-84534","post","type-post","status-publish","format-standard","has-post-thumbnail","category-queretaro"],"_links":{"self":[{"href":"https:\/\/elinformanteqro.com\/noticias\/wp-json\/wp\/v2\/posts\/84534","targetHints":{"allow":["GET"]}}],"collection":[{"href":"https:\/\/elinformanteqro.com\/noticias\/wp-json\/wp\/v2\/posts"}],"about":[{"href":"https:\/\/elinformanteqro.com\/noticias\/wp-json\/wp\/v2\/types\/post"}],"author":[{"embeddable":true,"href":"https:\/\/elinformanteqro.com\/noticias\/wp-json\/wp\/v2\/users\/5"}],"replies":[{"embeddable":true,"href":"https:\/\/elinformanteqro.com\/noticias\/wp-json\/wp\/v2\/comments?post=84534"}],"version-history":[{"count":1,"href":"https:\/\/elinformanteqro.com\/noticias\/wp-json\/wp\/v2\/posts\/84534\/revisions"}],"predecessor-version":[{"id":84536,"href":"https:\/\/elinformanteqro.com\/noticias\/wp-json\/wp\/v2\/posts\/84534\/revisions\/84536"}],"wp:featuredmedia":[{"embeddable":true,"href":"https:\/\/elinformanteqro.com\/noticias\/wp-json\/wp\/v2\/media\/84535"}],"wp:attachment":[{"href":"https:\/\/elinformanteqro.com\/noticias\/wp-json\/wp\/v2\/media?parent=84534"}],"wp:term":[{"taxonomy":"category","embeddable":true,"href":"https:\/\/elinformanteqro.com\/noticias\/wp-json\/wp\/v2\/categories?post=84534"},{"taxonomy":"post_tag","embeddable":true,"href":"https:\/\/elinformanteqro.com\/noticias\/wp-json\/wp\/v2\/tags?post=84534"}],"curies":[{"name":"wp","href":"https:\/\/api.w.org\/{rel}","templated":true}]}}