{"id":84537,"date":"2026-09-02T12:26:27","date_gmt":"2026-09-02T18:26:27","guid":{"rendered":"https:\/\/elinformanteqro.com\/noticias\/?p=84537"},"modified":"2026-09-02T12:26:28","modified_gmt":"2026-09-02T18:26:28","slug":"issste-queretaro-se-suma-a-jornada-nacional-de-reforestacion-y-realiza-mejoras-en-hospital-general","status":"publish","type":"post","link":"https:\/\/elinformanteqro.com\/noticias\/issste-queretaro-se-suma-a-jornada-nacional-de-reforestacion-y-realiza-mejoras-en-hospital-general\/","title":{"rendered":"ISSSTE Quer\u00e9taro se suma a Jornada Nacional de Reforestaci\u00f3n y realiza mejoras en Hospital General"},"content":{"rendered":"\n<ul class=\"wp-block-list\">\n<li>La Jornada Nacional de Reforestaci\u00f3n es una iniciativa impulsada por la presidenta Claudia Sheinbaum Pardo en favor del cuidado del medio ambiente y la recuperaci\u00f3n de espacios verdes.<\/li>\n\n\n\n<li>El Tequio \u201cElena Arizmendi\u201d forma parte de la estrategia Trato Digno Resolutivo, promovida por el director general del ISSSTE, Mart\u00ed Batres Guadarrama.<\/li>\n<\/ul>\n\n\n\n<p class=\"wp-block-paragraph\"><strong>Quer\u00e9taro, Qro., 29 de agosto de 2026.-<\/strong> El Instituto de Seguridad y Servicios Sociales de los Trabajadores del Estado (ISSSTE) en Quer\u00e9taro se sum\u00f3 a la Jornada Nacional de Reforestaci\u00f3n, mediante las actividades realizadas durante la S\u00e9ptima Jornada Nacional de Tequio \u201cElena Arizmendi\u201d 2026.<\/p>\n\n\n\n<p class=\"wp-block-paragraph\">La iniciativa de reforestaci\u00f3n es impulsada a nivel nacional por la presidenta Claudia Sheinbaum Pardo, mientras que el Tequio \u201cElena Arizmendi\u201d es una estrategia promovida por el director general del ISSSTE, Mart\u00ed Batres Guadarrama, como parte del programa Trato Digno Resolutivo.<\/p>\n\n\n\n<p class=\"wp-block-paragraph\">Personal voluntario de diversas \u00e1reas de la Representaci\u00f3n Estatal del ISSSTE uni\u00f3 esfuerzos para realizar trabajos de mejoramiento, mantenimiento y dignificaci\u00f3n en las instalaciones del Hospital General Quer\u00e9taro.<\/p>\n\n\n\n<p class=\"wp-block-paragraph\">La jornada cont\u00f3 con la participaci\u00f3n de autoridades directivas, entre ellas Pablo Tlaca\u00e9lel V\u00e1zquez Ferruzca, subdelegado de Administraci\u00f3n; Jessica Zulema Hern\u00e1ndez Viay, titular de la Unidad de Asuntos Jur\u00eddicos; Jos\u00e9 Ram\u00f3n Rivera Ruiz, subdelegado M\u00e9dico; Cristhian Orihuela G\u00f3mez, subdelegado de Prestaciones; y Gerardo Rosas Paredes, titular de la UADYCS.<\/p>\n\n\n\n<p class=\"wp-block-paragraph\">Entre las acciones realizadas destacan la restauraci\u00f3n de mesas de exploraci\u00f3n m\u00e9dica en el \u00e1rea de Urgencias, as\u00ed como la instalaci\u00f3n de pantallas de protecci\u00f3n solar en las \u00e1reas de recepci\u00f3n de Consulta Externa.<\/p>\n\n\n\n<p class=\"wp-block-paragraph\">Como parte de las acciones ambientales, tambi\u00e9n se llev\u00f3 a cabo el mantenimiento y la colocaci\u00f3n de nuevas plantas en el Jard\u00edn de los H\u00e9roes que Donaron Vida, espacio ubicado dentro del nosocomio que rinde homenaje a las personas donadoras de \u00f3rganos y a sus familias por su generosidad y altruismo.<\/p>\n\n\n\n<p class=\"wp-block-paragraph\">Con estas actividades, el ISSSTE Quer\u00e9taro refrend\u00f3 su compromiso con el mejoramiento de los servicios de salud, el cuidado del medio ambiente y la dignificaci\u00f3n de sus instalaciones, adem\u00e1s de fortalecer la participaci\u00f3n y colaboraci\u00f3n del personal en beneficio de la derechohabiencia.<\/p>\n","protected":false},"excerpt":{"rendered":"<p>Quer\u00e9taro, Qro., 29 de agosto de 2026.- El Instituto de Seguridad y Servicios Sociales de los Trabajadores del Estado (ISSSTE) en Quer\u00e9taro se sum\u00f3 a la Jornada Nacional de Reforestaci\u00f3n, mediante las actividades realizadas durante la S\u00e9ptima Jornada Nacional de Tequio \u201cElena Arizmendi\u201d 2026. La iniciativa de reforestaci\u00f3n es impulsada a nivel nacional por la [&hellip;]<\/p>\n","protected":false},"author":5,"featured_media":84538,"comment_status":"closed","ping_status":"closed","sticky":false,"template":"","format":"standard","meta":{"footnotes":""},"categories":[3],"tags":[],"class_list":["post-84537","post","type-post","status-publish","format-standard","has-post-thumbnail","category-queretaro"],"_links":{"self":[{"href":"https:\/\/elinformanteqro.com\/noticias\/wp-json\/wp\/v2\/posts\/84537","targetHints":{"allow":["GET"]}}],"collection":[{"href":"https:\/\/elinformanteqro.com\/noticias\/wp-json\/wp\/v2\/posts"}],"about":[{"href":"https:\/\/elinformanteqro.com\/noticias\/wp-json\/wp\/v2\/types\/post"}],"author":[{"embeddable":true,"href":"https:\/\/elinformanteqro.com\/noticias\/wp-json\/wp\/v2\/users\/5"}],"replies":[{"embeddable":true,"href":"https:\/\/elinformanteqro.com\/noticias\/wp-json\/wp\/v2\/comments?post=84537"}],"version-history":[{"count":1,"href":"https:\/\/elinformanteqro.com\/noticias\/wp-json\/wp\/v2\/posts\/84537\/revisions"}],"predecessor-version":[{"id":84539,"href":"https:\/\/elinformanteqro.com\/noticias\/wp-json\/wp\/v2\/posts\/84537\/revisions\/84539"}],"wp:featuredmedia":[{"embeddable":true,"href":"https:\/\/elinformanteqro.com\/noticias\/wp-json\/wp\/v2\/media\/84538"}],"wp:attachment":[{"href":"https:\/\/elinformanteqro.com\/noticias\/wp-json\/wp\/v2\/media?parent=84537"}],"wp:term":[{"taxonomy":"category","embeddable":true,"href":"https:\/\/elinformanteqro.com\/noticias\/wp-json\/wp\/v2\/categories?post=84537"},{"taxonomy":"post_tag","embeddable":true,"href":"https:\/\/elinformanteqro.com\/noticias\/wp-json\/wp\/v2\/tags?post=84537"}],"curies":[{"name":"wp","href":"https:\/\/api.w.org\/{rel}","templated":true}]}}