{"id":84543,"date":"2026-09-01T12:30:03","date_gmt":"2026-09-01T18:30:03","guid":{"rendered":"https:\/\/elinformanteqro.com\/noticias\/?p=84543"},"modified":"2026-09-02T12:30:45","modified_gmt":"2026-09-02T18:30:45","slug":"promueve-ospital-carrera-con-sombrero-sombrerun-2026","status":"publish","type":"post","link":"https:\/\/elinformanteqro.com\/noticias\/promueve-ospital-carrera-con-sombrero-sombrerun-2026\/","title":{"rendered":"Promueve Ospital Carrera con sombrero \u201cSombrerun 2026\u201d"},"content":{"rendered":"\n<p class=\"wp-block-paragraph\">En la Sombrerun 2026 no se trata de qui\u00e9n llega primero, sino de llegar juntos, afirm\u00f3 el diputado local Paul Ospital Carrera, al invitar a las familias queretanas a participar en esta convivencia deportiva, familiar y social que se realizar\u00e1 el pr\u00f3ximo domingo 6 de septiembre.<\/p>\n\n\n\n<p class=\"wp-block-paragraph\">Paul Ospital destac\u00f3 que generar espacios de convivencia tambi\u00e9n contribuye al bienestar de ni\u00f1as, ni\u00f1os y j\u00f3venes, al ofrecerles entornos positivos para convivir, activarse y sentirse parte de una comunidad.<\/p>\n\n\n\n<p class=\"wp-block-paragraph\">Se\u00f1al\u00f3 que esta tarea requiere del trabajo conjunto entre familias, sociedad civil, empresas e instituciones.<\/p>\n\n\n\n<p class=\"wp-block-paragraph\">\u201cSer\u00e1 una carrera con sombrero, para divertirse, bailar con la banda, disfrutar y convivir en familia\u201d, expres\u00f3.<\/p>\n\n\n\n<p class=\"wp-block-paragraph\">Por su parte, Jair Miquel, presidente de Evoluci\u00f3n A.C. y parte del comit\u00e9 organizador, explic\u00f3 que Sombrerun 2026 ser\u00e1 un evento completamente gratuito y pet friendly, con actividades programadas a partir de las 15:00 horas y el inicio de la carrera a las 17:00 horas.<\/p>\n\n\n\n<p class=\"wp-block-paragraph\">El evento se llevar\u00e1 a cabo en Preserve Sur, en el municipio de Corregidora, ubicado en la carretera estatal 411, kil\u00f3metro 6.7, en la zona de Arroyo Hondo.<\/p>\n\n\n\n<p class=\"wp-block-paragraph\">Adem\u00e1s, se realizar\u00e1 una colecta voluntaria de juguetes nuevos para apoyar a ni\u00f1as y ni\u00f1os de comunidades de Corregidora durante la temporada de Reyes Magos. Tambi\u00e9n se recibir\u00e1n tenis usados en buenas condiciones, que ser\u00e1n destinados a Hogares Providencia A.C.<\/p>\n\n\n\n<p class=\"wp-block-paragraph\">En su oportunidad, la regidora Eli Olvera, representante del proyecto \u201cLa Bendita Compradera\u201d, que re\u00fane principalmente a emprendedores locales del municipio de Corregidora, inform\u00f3 que el bazar ofrecer\u00e1 diversos productos desde las 15:00 horas.<\/p>\n\n\n\n<p class=\"wp-block-paragraph\">Agreg\u00f3 que los primeros 200 corredores recibir\u00e1n su n\u00famero de participante, paliacate y sombrero.<\/p>\n\n\n\n<p class=\"wp-block-paragraph\">\u201cSe trata de correr, caminar, trotar o bailar, en las distancias de 3 y 5 kil\u00f3metros. Todo se vale\u201d, se\u00f1al\u00f3.<\/p>\n\n\n\n<p class=\"wp-block-paragraph\">Big Nacho, atleta queretano, explic\u00f3 que no habr\u00e1 cronometraje oficial, chips ni premiaci\u00f3n, ya que el objetivo principal no es competir, sino disfrutar del recorrido y la convivencia.<\/p>\n\n\n\n<p class=\"wp-block-paragraph\">Los organizadores informaron que, adem\u00e1s de la carrera, habr\u00e1 m\u00fasica, actividades familiares y un bazar de emprendedores de Corregidora, por lo que invitaron a las familias a llegar desde las 15:00 horas para disfrutar de una tarde completa de convivencia.<\/p>\n\n\n\n<p class=\"wp-block-paragraph\">La participaci\u00f3n ser\u00e1 gratuita y estar\u00e1 abierta para personas de todas las edades.<\/p>\n","protected":false},"excerpt":{"rendered":"<p>En la Sombrerun 2026 no se trata de qui\u00e9n llega primero, sino de llegar juntos, afirm\u00f3 el diputado local Paul Ospital Carrera, al invitar a las familias queretanas a participar en esta convivencia deportiva, familiar y social que se realizar\u00e1 el pr\u00f3ximo domingo 6 de septiembre. Paul Ospital destac\u00f3 que generar espacios de convivencia tambi\u00e9n [&hellip;]<\/p>\n","protected":false},"author":5,"featured_media":84544,"comment_status":"closed","ping_status":"closed","sticky":false,"template":"","format":"standard","meta":{"footnotes":""},"categories":[3],"tags":[],"class_list":["post-84543","post","type-post","status-publish","format-standard","has-post-thumbnail","category-queretaro"],"_links":{"self":[{"href":"https:\/\/elinformanteqro.com\/noticias\/wp-json\/wp\/v2\/posts\/84543","targetHints":{"allow":["GET"]}}],"collection":[{"href":"https:\/\/elinformanteqro.com\/noticias\/wp-json\/wp\/v2\/posts"}],"about":[{"href":"https:\/\/elinformanteqro.com\/noticias\/wp-json\/wp\/v2\/types\/post"}],"author":[{"embeddable":true,"href":"https:\/\/elinformanteqro.com\/noticias\/wp-json\/wp\/v2\/users\/5"}],"replies":[{"embeddable":true,"href":"https:\/\/elinformanteqro.com\/noticias\/wp-json\/wp\/v2\/comments?post=84543"}],"version-history":[{"count":1,"href":"https:\/\/elinformanteqro.com\/noticias\/wp-json\/wp\/v2\/posts\/84543\/revisions"}],"predecessor-version":[{"id":84545,"href":"https:\/\/elinformanteqro.com\/noticias\/wp-json\/wp\/v2\/posts\/84543\/revisions\/84545"}],"wp:featuredmedia":[{"embeddable":true,"href":"https:\/\/elinformanteqro.com\/noticias\/wp-json\/wp\/v2\/media\/84544"}],"wp:attachment":[{"href":"https:\/\/elinformanteqro.com\/noticias\/wp-json\/wp\/v2\/media?parent=84543"}],"wp:term":[{"taxonomy":"category","embeddable":true,"href":"https:\/\/elinformanteqro.com\/noticias\/wp-json\/wp\/v2\/categories?post=84543"},{"taxonomy":"post_tag","embeddable":true,"href":"https:\/\/elinformanteqro.com\/noticias\/wp-json\/wp\/v2\/tags?post=84543"}],"curies":[{"name":"wp","href":"https:\/\/api.w.org\/{rel}","templated":true}]}}