{"id":84549,"date":"2026-09-03T09:22:50","date_gmt":"2026-09-03T15:22:50","guid":{"rendered":"https:\/\/elinformanteqro.com\/noticias\/?p=84549"},"modified":"2026-09-03T09:22:51","modified_gmt":"2026-09-03T15:22:51","slug":"san-juan-del-rio-se-prepara-para-recibir-el-campeonato-metropolitano-y-bajio-de-motocross","status":"publish","type":"post","link":"https:\/\/elinformanteqro.com\/noticias\/san-juan-del-rio-se-prepara-para-recibir-el-campeonato-metropolitano-y-bajio-de-motocross\/","title":{"rendered":"San Juan del R\u00edo se prepara para recibir el Campeonato Metropolitano y Baj\u00edo de Motocross"},"content":{"rendered":"\n<p class=\"wp-block-paragraph\">Los pr\u00f3ximos <strong>19 y 20 de septiembre<\/strong>, San Juan del R\u00edo ser\u00e1 sede del <strong>Campeonato Metropolitano y Baj\u00edo de Motocross<\/strong>, competencia que se llevar\u00e1 a cabo en la pista de <strong>Santa Matilde 2-23<\/strong>, con la expectativa de generar una importante derrama econ\u00f3mica para el municipio.<\/p>\n\n\n\n<p class=\"wp-block-paragraph\">El director de Turismo de San Juan del R\u00edo, <strong>Abraham Corona<\/strong>, explic\u00f3 que, si bien este evento ya se encontraba calendarizado, en esta ocasi\u00f3n se busca darle una mayor difusi\u00f3n y, sobre todo, construir una experiencia tur\u00edstica alrededor de la competencia.<\/p>\n\n\n\n<p class=\"wp-block-paragraph\">Se\u00f1al\u00f3 que septiembre ser\u00e1 un mes importante para San Juan del R\u00edo en materia de turismo deportivo, al convertirse el municipio en sede de diversos eventos de car\u00e1cter nacional.<\/p>\n\n\n\n<p class=\"wp-block-paragraph\">Corona inform\u00f3 que <strong>al menos cinco hoteles del municipio ya ofrecieron tarifas preferenciales<\/strong> para los asistentes al campeonato, mientras que se trabaja para que restaurantes y comercios tambi\u00e9n se sumen con promociones atractivas para los visitantes.<\/p>\n\n\n\n<p class=\"wp-block-paragraph\">De acuerdo con el funcionario, la edici\u00f3n anterior reuni\u00f3 aproximadamente <strong>150 a 170 participantes<\/strong>, quienes suelen acudir acompa\u00f1ados por entre <strong>dos y cinco personas<\/strong>, por lo que se prev\u00e9 una afluencia considerable y una derrama econ\u00f3mica adicional para el municipio.<\/p>\n\n\n\n<p class=\"wp-block-paragraph\">Asimismo, destac\u00f3 el acercamiento con <strong>\u201cDon Tuto\u201d<\/strong>, una personalidad vinculada al motocross, cuya participaci\u00f3n y difusi\u00f3n podr\u00edan contribuir a incrementar el n\u00famero de competidores y visitantes.<\/p>\n\n\n\n<p class=\"wp-block-paragraph\">\u201cNosotros hablamos de 150, 170 participantes porque son los participantes que tuvo la edici\u00f3n anterior; sin embargo, ahora con el apoyo de medios y con la difusi\u00f3n y comunicaci\u00f3n correcta, esperamos que este n\u00famero suba\u201d, se\u00f1al\u00f3.<\/p>\n\n\n\n<p class=\"wp-block-paragraph\">El director de Turismo aclar\u00f3 que los detalles t\u00e9cnicos y costos de inscripci\u00f3n corresponden directamente a los organizadores del campeonato, por lo que ser\u00e1n ellos quienes proporcionen la informaci\u00f3n espec\u00edfica sobre las categor\u00edas, que contemplan desde <strong>ni\u00f1os hasta la categor\u00eda Master<\/strong>.<\/p>\n\n\n\n<p class=\"wp-block-paragraph\">Finalmente, reiter\u00f3 la invitaci\u00f3n para acudir los d\u00edas <strong>19 y 20 de septiembre<\/strong> a la pista de motocross de <strong>Santa Matilde 2-23<\/strong>, donde se desarrollar\u00e1 esta competencia deportiva.<\/p>\n","protected":false},"excerpt":{"rendered":"<p>Los pr\u00f3ximos 19 y 20 de septiembre, San Juan del R\u00edo ser\u00e1 sede del Campeonato Metropolitano y Baj\u00edo de Motocross, competencia que se llevar\u00e1 a cabo en la pista de Santa Matilde 2-23, con la expectativa de generar una importante derrama econ\u00f3mica para el municipio. El director de Turismo de San Juan del R\u00edo, Abraham [&hellip;]<\/p>\n","protected":false},"author":5,"featured_media":84550,"comment_status":"closed","ping_status":"closed","sticky":false,"template":"","format":"standard","meta":{"footnotes":""},"categories":[4],"tags":[],"class_list":["post-84549","post","type-post","status-publish","format-standard","has-post-thumbnail","category-sanjuandelrio"],"_links":{"self":[{"href":"https:\/\/elinformanteqro.com\/noticias\/wp-json\/wp\/v2\/posts\/84549","targetHints":{"allow":["GET"]}}],"collection":[{"href":"https:\/\/elinformanteqro.com\/noticias\/wp-json\/wp\/v2\/posts"}],"about":[{"href":"https:\/\/elinformanteqro.com\/noticias\/wp-json\/wp\/v2\/types\/post"}],"author":[{"embeddable":true,"href":"https:\/\/elinformanteqro.com\/noticias\/wp-json\/wp\/v2\/users\/5"}],"replies":[{"embeddable":true,"href":"https:\/\/elinformanteqro.com\/noticias\/wp-json\/wp\/v2\/comments?post=84549"}],"version-history":[{"count":1,"href":"https:\/\/elinformanteqro.com\/noticias\/wp-json\/wp\/v2\/posts\/84549\/revisions"}],"predecessor-version":[{"id":84551,"href":"https:\/\/elinformanteqro.com\/noticias\/wp-json\/wp\/v2\/posts\/84549\/revisions\/84551"}],"wp:featuredmedia":[{"embeddable":true,"href":"https:\/\/elinformanteqro.com\/noticias\/wp-json\/wp\/v2\/media\/84550"}],"wp:attachment":[{"href":"https:\/\/elinformanteqro.com\/noticias\/wp-json\/wp\/v2\/media?parent=84549"}],"wp:term":[{"taxonomy":"category","embeddable":true,"href":"https:\/\/elinformanteqro.com\/noticias\/wp-json\/wp\/v2\/categories?post=84549"},{"taxonomy":"post_tag","embeddable":true,"href":"https:\/\/elinformanteqro.com\/noticias\/wp-json\/wp\/v2\/tags?post=84549"}],"curies":[{"name":"wp","href":"https:\/\/api.w.org\/{rel}","templated":true}]}}