{"id":84553,"date":"2026-09-02T11:52:03","date_gmt":"2026-09-02T17:52:03","guid":{"rendered":"https:\/\/elinformanteqro.com\/noticias\/?p=84553"},"modified":"2026-09-03T11:55:32","modified_gmt":"2026-09-03T17:55:32","slug":"inaugura-homero-barrera-la-casa-de-todos-en-el-distrito-2","status":"publish","type":"post","link":"https:\/\/elinformanteqro.com\/noticias\/inaugura-homero-barrera-la-casa-de-todos-en-el-distrito-2\/","title":{"rendered":"Inaugura Homero Barrera \u201cLa Casa de Todos\u201d en el Distrito 2"},"content":{"rendered":"\n<p class=\"wp-block-paragraph\">El diputado local por el Distrito 2, Homero Barrera, inaugur\u00f3 \u201cLa Casa de Todos\u201d, un nuevo espacio fijo de atenci\u00f3n ciudadana ubicado en la colonia La Huerta, al que acudieron m\u00e1s de 150 vecinas y vecinos.<\/p>\n\n\n\n<p class=\"wp-block-paragraph\">El inmueble funcionar\u00e1 como un punto permanente para recibir reportes ciudadanos, dar seguimiento a gestiones y mantener contacto directo entre la poblaci\u00f3n y el equipo del legislador.<\/p>\n\n\n\n<p class=\"wp-block-paragraph\">Barrera destac\u00f3 que este espacio forma parte de su estrategia de trabajo territorial bajo el concepto \u201cMenos escritorio, m\u00e1s territorio\u201d.<\/p>\n\n\n\n<p class=\"wp-block-paragraph\">El proyecto tambi\u00e9n representa el resultado de ocho a\u00f1os de gesti\u00f3n vecinal impulsada por Emiliano Anaya, ya fallecido, y Bety Villarreal, quienes desde 2018 trabajaron para concretar este espacio comunitario.<\/p>\n\n\n\n<p class=\"wp-block-paragraph\">\u201cEsta casa no es m\u00eda, es de todos\u201d, expres\u00f3 el diputado durante la inauguraci\u00f3n, al invitar a los habitantes del Distrito 2 a utilizar las instalaciones de manera permanente.<\/p>\n\n\n\n<p class=\"wp-block-paragraph\">Al evento asistieron representantes de distintas instituciones y actores pol\u00edticos, entre ellos Christian Orihuela G\u00f3mez, representante del ISSSTE en Quer\u00e9taro; el diputado Arturo Maximiliano Garc\u00eda P\u00e9rez; el presidente de la Mesa Directiva de la LXI Legislatura, Sinhu\u00e9 Arturo Piedragil Ortiz; y el delegado de la Secretar\u00eda de Gobernaci\u00f3n en Quer\u00e9taro, Samuel Mena Stadelmann.<\/p>\n\n\n\n<p class=\"wp-block-paragraph\">Tambi\u00e9n estuvieron presentes el regidor \u00d3scar Mauricio Sandoval Garc\u00eda \u201cGallo\u201d, Enrique Borbolla, de Grupo Moscatti, y Juan Carlos Espinosa Larracoechea.<\/p>\n","protected":false},"excerpt":{"rendered":"<p>El diputado local por el Distrito 2, Homero Barrera, inaugur\u00f3 \u201cLa Casa de Todos\u201d, un nuevo espacio fijo de atenci\u00f3n ciudadana ubicado en la colonia La Huerta, al que acudieron m\u00e1s de 150 vecinas y vecinos. El inmueble funcionar\u00e1 como un punto permanente para recibir reportes ciudadanos, dar seguimiento a gestiones y mantener contacto directo [&hellip;]<\/p>\n","protected":false},"author":5,"featured_media":84555,"comment_status":"closed","ping_status":"closed","sticky":false,"template":"","format":"standard","meta":{"footnotes":""},"categories":[3],"tags":[],"class_list":["post-84553","post","type-post","status-publish","format-standard","has-post-thumbnail","category-queretaro"],"_links":{"self":[{"href":"https:\/\/elinformanteqro.com\/noticias\/wp-json\/wp\/v2\/posts\/84553","targetHints":{"allow":["GET"]}}],"collection":[{"href":"https:\/\/elinformanteqro.com\/noticias\/wp-json\/wp\/v2\/posts"}],"about":[{"href":"https:\/\/elinformanteqro.com\/noticias\/wp-json\/wp\/v2\/types\/post"}],"author":[{"embeddable":true,"href":"https:\/\/elinformanteqro.com\/noticias\/wp-json\/wp\/v2\/users\/5"}],"replies":[{"embeddable":true,"href":"https:\/\/elinformanteqro.com\/noticias\/wp-json\/wp\/v2\/comments?post=84553"}],"version-history":[{"count":1,"href":"https:\/\/elinformanteqro.com\/noticias\/wp-json\/wp\/v2\/posts\/84553\/revisions"}],"predecessor-version":[{"id":84556,"href":"https:\/\/elinformanteqro.com\/noticias\/wp-json\/wp\/v2\/posts\/84553\/revisions\/84556"}],"wp:featuredmedia":[{"embeddable":true,"href":"https:\/\/elinformanteqro.com\/noticias\/wp-json\/wp\/v2\/media\/84555"}],"wp:attachment":[{"href":"https:\/\/elinformanteqro.com\/noticias\/wp-json\/wp\/v2\/media?parent=84553"}],"wp:term":[{"taxonomy":"category","embeddable":true,"href":"https:\/\/elinformanteqro.com\/noticias\/wp-json\/wp\/v2\/categories?post=84553"},{"taxonomy":"post_tag","embeddable":true,"href":"https:\/\/elinformanteqro.com\/noticias\/wp-json\/wp\/v2\/tags?post=84553"}],"curies":[{"name":"wp","href":"https:\/\/api.w.org\/{rel}","templated":true}]}}