{"id":84557,"date":"2026-09-02T11:56:11","date_gmt":"2026-09-02T17:56:11","guid":{"rendered":"https:\/\/elinformanteqro.com\/noticias\/?p=84557"},"modified":"2026-09-03T11:57:27","modified_gmt":"2026-09-03T17:57:27","slug":"capacitan-a-participantes-de-la-legislatura-de-la-juventud-2026-en-proceso-legislativo","status":"publish","type":"post","link":"https:\/\/elinformanteqro.com\/noticias\/capacitan-a-participantes-de-la-legislatura-de-la-juventud-2026-en-proceso-legislativo\/","title":{"rendered":"Capacitan a participantes de la Legislatura de la Juventud 2026 en proceso legislativo"},"content":{"rendered":"\n<p class=\"wp-block-paragraph\">El presidente de la Mesa Directiva de la LXI Legislatura del Estado de Quer\u00e9taro, diputado Sinuh\u00e9 Arturo Piedragil Ortiz, encabez\u00f3 la Jornada de Capacitaci\u00f3n Legislativa dirigida a las y los participantes de la Legislatura de la Juventud 2026.<\/p>\n\n\n\n<p class=\"wp-block-paragraph\">Durante el encuentro, el legislador destac\u00f3 la importancia de fomentar la participaci\u00f3n de las juventudes en la vida p\u00fablica y pol\u00edtica del estado, as\u00ed como impulsar la discusi\u00f3n de temas prioritarios como la salud mental, la educaci\u00f3n, las identidades, la prevenci\u00f3n del suicidio y la violencia en el noviazgo.<\/p>\n\n\n\n<p class=\"wp-block-paragraph\">Piedragil Ortiz se\u00f1al\u00f3 que, ante la gran cantidad de informaci\u00f3n a la que actualmente tienen acceso las nuevas generaciones, resulta necesario fortalecer su capacidad de an\u00e1lisis y participaci\u00f3n para involucrarse en la construcci\u00f3n de soluciones a los retos sociales.<\/p>\n\n\n\n<p class=\"wp-block-paragraph\">La capacitaci\u00f3n fue impartida por el maestro Juan Ricardo Ram\u00edrez S\u00e1nchez y tuvo como objetivo brindar a las y los j\u00f3venes conocimientos sobre t\u00e9cnica y proceso legislativo, desde la construcci\u00f3n de una idea o propuesta hasta su conformaci\u00f3n como iniciativa de ley.<\/p>\n\n\n\n<p class=\"wp-block-paragraph\">El diputado explic\u00f3 que estas herramientas permitir\u00e1n a las y los participantes conocer de cerca el trabajo que se desarrolla en el Congreso y aplicarlo durante el ejercicio de la Legislatura de la Juventud 2026.<\/p>\n\n\n\n<p class=\"wp-block-paragraph\">Por su parte, Katia Edith Jurado Contreras, en representaci\u00f3n de la secretaria de la Juventud, Virginia Hern\u00e1ndez V\u00e1zquez, destac\u00f3 que este ejercicio representa una oportunidad para que las juventudes queretanas participen activamente en la construcci\u00f3n de propuestas en favor del estado.<\/p>\n\n\n\n<p class=\"wp-block-paragraph\">Asimismo, reconoci\u00f3 el compromiso y entusiasmo de quienes participan tanto de manera presencial como virtual, y los invit\u00f3 a aprovechar la capacitaci\u00f3n para fortalecer sus conocimientos y dar sustento t\u00e9cnico a las iniciativas que desarrollar\u00e1n.<\/p>\n\n\n\n<p class=\"wp-block-paragraph\">En la jornada tambi\u00e9n se resalt\u00f3 que la Legislatura de la Juventud es un espacio para promover la participaci\u00f3n, el di\u00e1logo y la construcci\u00f3n de propuestas enfocadas, particularmente, en atender los retos relacionados con la salud mental de las juventudes queretanas.<\/p>\n","protected":false},"excerpt":{"rendered":"<p>El presidente de la Mesa Directiva de la LXI Legislatura del Estado de Quer\u00e9taro, diputado Sinuh\u00e9 Arturo Piedragil Ortiz, encabez\u00f3 la Jornada de Capacitaci\u00f3n Legislativa dirigida a las y los participantes de la Legislatura de la Juventud 2026. Durante el encuentro, el legislador destac\u00f3 la importancia de fomentar la participaci\u00f3n de las juventudes en la [&hellip;]<\/p>\n","protected":false},"author":5,"featured_media":84558,"comment_status":"closed","ping_status":"closed","sticky":false,"template":"","format":"standard","meta":{"footnotes":""},"categories":[3],"tags":[],"class_list":["post-84557","post","type-post","status-publish","format-standard","has-post-thumbnail","category-queretaro"],"_links":{"self":[{"href":"https:\/\/elinformanteqro.com\/noticias\/wp-json\/wp\/v2\/posts\/84557","targetHints":{"allow":["GET"]}}],"collection":[{"href":"https:\/\/elinformanteqro.com\/noticias\/wp-json\/wp\/v2\/posts"}],"about":[{"href":"https:\/\/elinformanteqro.com\/noticias\/wp-json\/wp\/v2\/types\/post"}],"author":[{"embeddable":true,"href":"https:\/\/elinformanteqro.com\/noticias\/wp-json\/wp\/v2\/users\/5"}],"replies":[{"embeddable":true,"href":"https:\/\/elinformanteqro.com\/noticias\/wp-json\/wp\/v2\/comments?post=84557"}],"version-history":[{"count":1,"href":"https:\/\/elinformanteqro.com\/noticias\/wp-json\/wp\/v2\/posts\/84557\/revisions"}],"predecessor-version":[{"id":84559,"href":"https:\/\/elinformanteqro.com\/noticias\/wp-json\/wp\/v2\/posts\/84557\/revisions\/84559"}],"wp:featuredmedia":[{"embeddable":true,"href":"https:\/\/elinformanteqro.com\/noticias\/wp-json\/wp\/v2\/media\/84558"}],"wp:attachment":[{"href":"https:\/\/elinformanteqro.com\/noticias\/wp-json\/wp\/v2\/media?parent=84557"}],"wp:term":[{"taxonomy":"category","embeddable":true,"href":"https:\/\/elinformanteqro.com\/noticias\/wp-json\/wp\/v2\/categories?post=84557"},{"taxonomy":"post_tag","embeddable":true,"href":"https:\/\/elinformanteqro.com\/noticias\/wp-json\/wp\/v2\/tags?post=84557"}],"curies":[{"name":"wp","href":"https:\/\/api.w.org\/{rel}","templated":true}]}}