{"id":84560,"date":"2026-09-02T11:58:03","date_gmt":"2026-09-02T17:58:03","guid":{"rendered":"https:\/\/elinformanteqro.com\/noticias\/?p=84560"},"modified":"2026-09-03T11:58:34","modified_gmt":"2026-09-03T17:58:34","slug":"fgr-y-uaq-acuerdan-acciones-para-fortalecer-la-prevencion-del-delito","status":"publish","type":"post","link":"https:\/\/elinformanteqro.com\/noticias\/fgr-y-uaq-acuerdan-acciones-para-fortalecer-la-prevencion-del-delito\/","title":{"rendered":"FGR y UAQ acuerdan acciones para fortalecer la prevenci\u00f3n del delito"},"content":{"rendered":"\n<p class=\"wp-block-paragraph\">La Fiscal\u00eda General de la Rep\u00fablica (FGR) en Quer\u00e9taro sostuvo una reuni\u00f3n de trabajo con representantes de la Universidad Aut\u00f3noma de Quer\u00e9taro (UAQ) para establecer acciones conjuntas en materia de prevenci\u00f3n del delito.<\/p>\n\n\n\n<p class=\"wp-block-paragraph\">En el encuentro participaron integrantes de la Direcci\u00f3n de Vinculaci\u00f3n, la Coordinaci\u00f3n de Alianzas Estrat\u00e9gicas de la UAQ y la Unidad de Servicios a la Comunidad de la FGR.<\/p>\n\n\n\n<p class=\"wp-block-paragraph\">Como parte de los acuerdos, ambas instituciones impulsar\u00e1n un programa de pl\u00e1ticas y talleres dirigido a estudiantes, personal docente y administrativo de la m\u00e1xima casa de estudios.<\/p>\n\n\n\n<p class=\"wp-block-paragraph\">Las actividades abordar\u00e1n temas relacionados con la prevenci\u00f3n de conductas delictivas, la identificaci\u00f3n de factores de riesgo y la promoci\u00f3n de la cultura de la legalidad.<\/p>\n\n\n\n<p class=\"wp-block-paragraph\">De acuerdo con la Fiscal\u00eda, estas acciones buscan proporcionar herramientas preventivas a la comunidad universitaria, fortalecer la coordinaci\u00f3n entre instituciones y contribuir a la generaci\u00f3n de entornos m\u00e1s seguros.<\/p>\n\n\n\n<p class=\"wp-block-paragraph\">Asimismo, se establecer\u00e1 un calendario para desarrollar las actividades y atender a los distintos sectores que integran la comunidad universitaria.<\/p>\n\n\n\n<p class=\"wp-block-paragraph\">La Fiscal\u00eda Federal en Quer\u00e9taro reiter\u00f3 el llamado a la ciudadan\u00eda para denunciar cualquier hecho probablemente constitutivo de un delito del orden federal. Las denuncias pueden realizarse de manera presencial en sus instalaciones, v\u00eda telef\u00f3nica o a trav\u00e9s del Portal de Denuncia y Atenci\u00f3n Ciudadana de la FGR.<\/p>\n","protected":false},"excerpt":{"rendered":"<p>La Fiscal\u00eda General de la Rep\u00fablica (FGR) en Quer\u00e9taro sostuvo una reuni\u00f3n de trabajo con representantes de la Universidad Aut\u00f3noma de Quer\u00e9taro (UAQ) para establecer acciones conjuntas en materia de prevenci\u00f3n del delito. En el encuentro participaron integrantes de la Direcci\u00f3n de Vinculaci\u00f3n, la Coordinaci\u00f3n de Alianzas Estrat\u00e9gicas de la UAQ y la Unidad de [&hellip;]<\/p>\n","protected":false},"author":5,"featured_media":84561,"comment_status":"closed","ping_status":"closed","sticky":false,"template":"","format":"standard","meta":{"footnotes":""},"categories":[3],"tags":[],"class_list":["post-84560","post","type-post","status-publish","format-standard","has-post-thumbnail","category-queretaro"],"_links":{"self":[{"href":"https:\/\/elinformanteqro.com\/noticias\/wp-json\/wp\/v2\/posts\/84560","targetHints":{"allow":["GET"]}}],"collection":[{"href":"https:\/\/elinformanteqro.com\/noticias\/wp-json\/wp\/v2\/posts"}],"about":[{"href":"https:\/\/elinformanteqro.com\/noticias\/wp-json\/wp\/v2\/types\/post"}],"author":[{"embeddable":true,"href":"https:\/\/elinformanteqro.com\/noticias\/wp-json\/wp\/v2\/users\/5"}],"replies":[{"embeddable":true,"href":"https:\/\/elinformanteqro.com\/noticias\/wp-json\/wp\/v2\/comments?post=84560"}],"version-history":[{"count":1,"href":"https:\/\/elinformanteqro.com\/noticias\/wp-json\/wp\/v2\/posts\/84560\/revisions"}],"predecessor-version":[{"id":84562,"href":"https:\/\/elinformanteqro.com\/noticias\/wp-json\/wp\/v2\/posts\/84560\/revisions\/84562"}],"wp:featuredmedia":[{"embeddable":true,"href":"https:\/\/elinformanteqro.com\/noticias\/wp-json\/wp\/v2\/media\/84561"}],"wp:attachment":[{"href":"https:\/\/elinformanteqro.com\/noticias\/wp-json\/wp\/v2\/media?parent=84560"}],"wp:term":[{"taxonomy":"category","embeddable":true,"href":"https:\/\/elinformanteqro.com\/noticias\/wp-json\/wp\/v2\/categories?post=84560"},{"taxonomy":"post_tag","embeddable":true,"href":"https:\/\/elinformanteqro.com\/noticias\/wp-json\/wp\/v2\/tags?post=84560"}],"curies":[{"name":"wp","href":"https:\/\/api.w.org\/{rel}","templated":true}]}}