{"id":84575,"date":"2026-09-03T18:53:08","date_gmt":"2026-09-04T00:53:08","guid":{"rendered":"https:\/\/elinformanteqro.com\/noticias\/?p=84575"},"modified":"2026-09-03T18:53:10","modified_gmt":"2026-09-04T00:53:10","slug":"avanza-ospital-con-presentacion-de-la-ley-de-paternidad-en-seis-municipios","status":"publish","type":"post","link":"https:\/\/elinformanteqro.com\/noticias\/avanza-ospital-con-presentacion-de-la-ley-de-paternidad-en-seis-municipios\/","title":{"rendered":"Avanza Ospital con presentaci\u00f3n de la Ley de Paternidad en seis municipios"},"content":{"rendered":"\n<p class=\"wp-block-paragraph\">El diputado local de Movimiento Ciudadano, Paul Ospital Carrera, inform\u00f3 que la propuesta de Ley de Paternidad ha sido presentada ya en seis municipios de Quer\u00e9taro, con el objetivo de promover la corresponsabilidad de madres y padres en la crianza de sus hijas e hijos.<\/p>\n\n\n\n<p class=\"wp-block-paragraph\">Durante un evento realizado en Col\u00f3n, acompa\u00f1ado por la diputada federal y coordinadora estatal de Movimiento Ciudadano, Laura Ballesteros, Ospital Carrera explic\u00f3 que la iniciativa busca fortalecer el apoyo a las familias tras el nacimiento o adopci\u00f3n de una hija o hijo.<\/p>\n\n\n\n<p class=\"wp-block-paragraph\">El legislador precis\u00f3 que la propuesta ha sido presentada en los municipios de Amealco, San Juan del R\u00edo, Corregidora, Tequisquiapan, Quer\u00e9taro y Col\u00f3n.<\/p>\n\n\n\n<p class=\"wp-block-paragraph\">Asimismo, record\u00f3 que en 2024 el Congreso del Estado aprob\u00f3 una propuesta impulsada por \u00e9l para ampliar de cinco a 20 d\u00edas la licencia de paternidad para los trabajadores del estado.<\/p>\n\n\n\n<p class=\"wp-block-paragraph\">Laura Ballesteros destac\u00f3 que la iniciativa forma parte de una agenda nacional impulsada por Movimiento Ciudadano para promover la igualdad y una distribuci\u00f3n m\u00e1s equitativa de las responsabilidades relacionadas con la crianza.<\/p>\n\n\n\n<p class=\"wp-block-paragraph\">Se\u00f1al\u00f3 que las licencias de paternidad buscan fortalecer la corresponsabilidad familiar y generar condiciones para que las mujeres puedan desarrollarse en igualdad de oportunidades.<\/p>\n\n\n\n<p class=\"wp-block-paragraph\">Por su parte, el presidente municipal de Col\u00f3n, Gaspar Trueba Moncada, consider\u00f3 que la iniciativa permitir\u00e1 una mayor participaci\u00f3n de los padres en el acompa\u00f1amiento de las madres y en la crianza de sus hijas e hijos.<\/p>\n\n\n\n<p class=\"wp-block-paragraph\">Al evento tambi\u00e9n asistieron la coordinadora del Grupo Parlamentario de Movimiento Ciudadano, Tere Calzada; la secretaria de Acuerdos de MC, Judith Palacios; los regidores Antonio Rodr\u00edguez, Eugenia Gonz\u00e1lez y Nancy Uribe; el secretario del Ayuntamiento, Juan Carlos Oceguera, y el delegado nacional de Movimiento Ciudadano, C\u00e9sar Cadena.<\/p>\n","protected":false},"excerpt":{"rendered":"<p>El diputado local de Movimiento Ciudadano, Paul Ospital Carrera, inform\u00f3 que la propuesta de Ley de Paternidad ha sido presentada ya en seis municipios de Quer\u00e9taro, con el objetivo de promover la corresponsabilidad de madres y padres en la crianza de sus hijas e hijos. Durante un evento realizado en Col\u00f3n, acompa\u00f1ado por la diputada [&hellip;]<\/p>\n","protected":false},"author":5,"featured_media":84576,"comment_status":"closed","ping_status":"closed","sticky":false,"template":"","format":"standard","meta":{"footnotes":""},"categories":[3],"tags":[],"class_list":["post-84575","post","type-post","status-publish","format-standard","has-post-thumbnail","category-queretaro"],"_links":{"self":[{"href":"https:\/\/elinformanteqro.com\/noticias\/wp-json\/wp\/v2\/posts\/84575","targetHints":{"allow":["GET"]}}],"collection":[{"href":"https:\/\/elinformanteqro.com\/noticias\/wp-json\/wp\/v2\/posts"}],"about":[{"href":"https:\/\/elinformanteqro.com\/noticias\/wp-json\/wp\/v2\/types\/post"}],"author":[{"embeddable":true,"href":"https:\/\/elinformanteqro.com\/noticias\/wp-json\/wp\/v2\/users\/5"}],"replies":[{"embeddable":true,"href":"https:\/\/elinformanteqro.com\/noticias\/wp-json\/wp\/v2\/comments?post=84575"}],"version-history":[{"count":1,"href":"https:\/\/elinformanteqro.com\/noticias\/wp-json\/wp\/v2\/posts\/84575\/revisions"}],"predecessor-version":[{"id":84577,"href":"https:\/\/elinformanteqro.com\/noticias\/wp-json\/wp\/v2\/posts\/84575\/revisions\/84577"}],"wp:featuredmedia":[{"embeddable":true,"href":"https:\/\/elinformanteqro.com\/noticias\/wp-json\/wp\/v2\/media\/84576"}],"wp:attachment":[{"href":"https:\/\/elinformanteqro.com\/noticias\/wp-json\/wp\/v2\/media?parent=84575"}],"wp:term":[{"taxonomy":"category","embeddable":true,"href":"https:\/\/elinformanteqro.com\/noticias\/wp-json\/wp\/v2\/categories?post=84575"},{"taxonomy":"post_tag","embeddable":true,"href":"https:\/\/elinformanteqro.com\/noticias\/wp-json\/wp\/v2\/tags?post=84575"}],"curies":[{"name":"wp","href":"https:\/\/api.w.org\/{rel}","templated":true}]}}