{"id":84585,"date":"2026-09-04T13:35:48","date_gmt":"2026-09-04T19:35:48","guid":{"rendered":"https:\/\/elinformanteqro.com\/noticias\/?p=84585"},"modified":"2026-09-04T13:35:49","modified_gmt":"2026-09-04T19:35:49","slug":"concluye-congreso-internacional-sobre-movilidad-humana-y-crisis-humanitarias","status":"publish","type":"post","link":"https:\/\/elinformanteqro.com\/noticias\/concluye-congreso-internacional-sobre-movilidad-humana-y-crisis-humanitarias\/","title":{"rendered":"Concluye Congreso Internacional sobre Movilidad Humana y Crisis Humanitarias"},"content":{"rendered":"\n<p class=\"wp-block-paragraph\">Concluy\u00f3 el Congreso Internacional sobre Movilidad Humana, Protecci\u00f3n Multinacional y Crisis Humanitarias, realizado con el objetivo de analizar el fen\u00f3meno migratorio desde una perspectiva centrada en el respeto a la dignidad humana y la garant\u00eda de los derechos fundamentales.<\/p>\n\n\n\n<p class=\"wp-block-paragraph\">El encuentro fue organizado por la Casa de los Saberes Jur\u00eddicos, en coordinaci\u00f3n con la Universidad Aut\u00f3noma de Quer\u00e9taro (UAQ) y la LXI Legislatura del Estado, instituciones que convocaron a un di\u00e1logo abierto para combatir los estigmas, la discriminaci\u00f3n y la xenofobia relacionados con la migraci\u00f3n.<\/p>\n\n\n\n<p class=\"wp-block-paragraph\">Como eje central de los trabajos, se plante\u00f3 la necesidad de comprender la movilidad humana desde el derecho de las personas a recibir un trato digno, justo y libre de expresiones discriminatorias.<\/p>\n\n\n\n<p class=\"wp-block-paragraph\">El congreso inici\u00f3 el pasado 1 de septiembre en la Universidad Aut\u00f3noma de Quer\u00e9taro, con la participaci\u00f3n del magistrado presidente del Poder Judicial de Quer\u00e9taro, Braulio Guerra Urbiola; el presidente de la Mesa Directiva del Congreso local, Sinuh\u00e9 Piedragil Ortiz; el secretario general de Gobierno, Eric Gudi\u00f1o Torres; y el director de la Casa de los Saberes Jur\u00eddicos en Quer\u00e9taro, Juan Pablo Zetina Medrano.<\/p>\n\n\n\n<p class=\"wp-block-paragraph\">Las actividades continuaron los d\u00edas 2 y 3 de septiembre en la Casa de los Saberes Jur\u00eddicos, donde se desarrollaron cinco mesas de trabajo enfocadas en las problem\u00e1ticas que enfrentan las poblaciones migrantes en los contextos de origen, tr\u00e1nsito, destino y retorno, tanto en M\u00e9xico como en Am\u00e9rica Latina.<\/p>\n\n\n\n<p class=\"wp-block-paragraph\">Durante las mesas se abord\u00f3 el fen\u00f3meno desde perspectivas jur\u00eddicas, pol\u00edticas, sociales y humanitarias, con el prop\u00f3sito de analizar el contenido del derecho fundamental a la movilidad humana frente a las crisis contempor\u00e1neas y los retos derivados de la relaci\u00f3n entre los distintos pa\u00edses.<\/p>\n\n\n\n<p class=\"wp-block-paragraph\">Los participantes coincidieron en la necesidad de ampliar los espacios de discusi\u00f3n cr\u00edtica sobre el papel de las instituciones encargadas de proteger este derecho, as\u00ed como fortalecer las garant\u00edas procedimentales en los \u00e1mbitos jurisdiccional y no jurisdiccional.<\/p>\n\n\n\n<p class=\"wp-block-paragraph\">Tambi\u00e9n destacaron la importancia de la participaci\u00f3n de la academia, las defensor\u00edas p\u00fablicas y las cl\u00ednicas jur\u00eddicas en las labores de prevenci\u00f3n, divulgaci\u00f3n y atenci\u00f3n de las problem\u00e1ticas que enfrentan las personas migrantes.<\/p>\n\n\n\n<p class=\"wp-block-paragraph\">El presidente de la Mesa Directiva de la LXI Legislatura, Sinuh\u00e9 Piedragil Ortiz, particip\u00f3 en la segunda mesa de trabajo, denominada \u201cDi\u00e1logos desde los poderes p\u00fablicos y actores sociales en materia de movilidad humana y la relaci\u00f3n con Estados Unidos\u201d.<\/p>\n\n\n\n<p class=\"wp-block-paragraph\">Durante la clausura, se\u00f1al\u00f3 que la movilidad es un fen\u00f3meno inherente a la humanidad y que factores como el cambio clim\u00e1tico y las condiciones econ\u00f3micas obligan a muchas personas a cambiar de lugar de residencia.<\/p>\n\n\n\n<p class=\"wp-block-paragraph\">Asimismo, destac\u00f3 la responsabilidad de los gobiernos ante los procesos de repatriaci\u00f3n de mexicanos desde Estados Unidos y consider\u00f3 necesario impulsar marcos normativos que permitan atender adecuadamente estos fen\u00f3menos.<\/p>\n\n\n\n<p class=\"wp-block-paragraph\">Piedragil Ortiz tambi\u00e9n advirti\u00f3 que Quer\u00e9taro enfrentar\u00e1 importantes retos demogr\u00e1ficos en los pr\u00f3ximos a\u00f1os, particularmente ante el crecimiento proyectado para la zona metropolitana y el desarrollo de nuevos proyectos de infraestructura, como el ferroviario.<\/p>\n\n\n\n<p class=\"wp-block-paragraph\">La clausura estuvo a cargo de la directora general de Casas de los Saberes Jur\u00eddicos de la Suprema Corte de Justicia de la Naci\u00f3n, Beatriz Casas Arellanes, en representaci\u00f3n del ministro presidente de la Corte, Hugo Aguilar Ortiz.<\/p>\n\n\n\n<p class=\"wp-block-paragraph\">Durante su intervenci\u00f3n, reiter\u00f3 la importancia de difundir este tipo de espacios de an\u00e1lisis y fortalecer el trabajo conjunto desde los diferentes \u00e1mbitos para avanzar en la protecci\u00f3n y garant\u00eda de los derechos humanos de las personas en situaci\u00f3n de movilidad.<\/p>\n","protected":false},"excerpt":{"rendered":"<p>Concluy\u00f3 el Congreso Internacional sobre Movilidad Humana, Protecci\u00f3n Multinacional y Crisis Humanitarias, realizado con el objetivo de analizar el fen\u00f3meno migratorio desde una perspectiva centrada en el respeto a la dignidad humana y la garant\u00eda de los derechos fundamentales. El encuentro fue organizado por la Casa de los Saberes Jur\u00eddicos, en coordinaci\u00f3n con la Universidad [&hellip;]<\/p>\n","protected":false},"author":5,"featured_media":84586,"comment_status":"closed","ping_status":"closed","sticky":false,"template":"","format":"standard","meta":{"footnotes":""},"categories":[3],"tags":[],"class_list":["post-84585","post","type-post","status-publish","format-standard","has-post-thumbnail","category-queretaro"],"_links":{"self":[{"href":"https:\/\/elinformanteqro.com\/noticias\/wp-json\/wp\/v2\/posts\/84585","targetHints":{"allow":["GET"]}}],"collection":[{"href":"https:\/\/elinformanteqro.com\/noticias\/wp-json\/wp\/v2\/posts"}],"about":[{"href":"https:\/\/elinformanteqro.com\/noticias\/wp-json\/wp\/v2\/types\/post"}],"author":[{"embeddable":true,"href":"https:\/\/elinformanteqro.com\/noticias\/wp-json\/wp\/v2\/users\/5"}],"replies":[{"embeddable":true,"href":"https:\/\/elinformanteqro.com\/noticias\/wp-json\/wp\/v2\/comments?post=84585"}],"version-history":[{"count":1,"href":"https:\/\/elinformanteqro.com\/noticias\/wp-json\/wp\/v2\/posts\/84585\/revisions"}],"predecessor-version":[{"id":84587,"href":"https:\/\/elinformanteqro.com\/noticias\/wp-json\/wp\/v2\/posts\/84585\/revisions\/84587"}],"wp:featuredmedia":[{"embeddable":true,"href":"https:\/\/elinformanteqro.com\/noticias\/wp-json\/wp\/v2\/media\/84586"}],"wp:attachment":[{"href":"https:\/\/elinformanteqro.com\/noticias\/wp-json\/wp\/v2\/media?parent=84585"}],"wp:term":[{"taxonomy":"category","embeddable":true,"href":"https:\/\/elinformanteqro.com\/noticias\/wp-json\/wp\/v2\/categories?post=84585"},{"taxonomy":"post_tag","embeddable":true,"href":"https:\/\/elinformanteqro.com\/noticias\/wp-json\/wp\/v2\/tags?post=84585"}],"curies":[{"name":"wp","href":"https:\/\/api.w.org\/{rel}","templated":true}]}}