{"id":84588,"date":"2026-09-03T13:42:02","date_gmt":"2026-09-03T19:42:02","guid":{"rendered":"https:\/\/elinformanteqro.com\/noticias\/?p=84588"},"modified":"2026-09-04T13:42:43","modified_gmt":"2026-09-04T19:42:43","slug":"queretaro-fortalece-la-educacion-con-escuelas-inclusivas-y-mejor-equipadas","status":"publish","type":"post","link":"https:\/\/elinformanteqro.com\/noticias\/queretaro-fortalece-la-educacion-con-escuelas-inclusivas-y-mejor-equipadas\/","title":{"rendered":"Quer\u00e9taro fortalece la educaci\u00f3n con escuelas inclusivas y mejor equipadas"},"content":{"rendered":"\n<p class=\"wp-block-paragraph\">\u2022 El Gobernador encabez\u00f3 la entrega de un nuevo m\u00f3dulo de aulas en la primaria Emeterio Gonz\u00e1lez, en La Negreta, Corregidora.<br>\u2022 M\u00e1s de 800 estudiantes de los turnos matutino y vespertino recibieron \u00fatiles y uniformes escolares.<\/p>\n\n\n\n<p class=\"wp-block-paragraph\">Con el objetivo de que las ni\u00f1as y los ni\u00f1os cuenten con herramientas y espacios adecuados para su formaci\u00f3n acad\u00e9mica, el gobernador Mauricio Kuri Gonz\u00e1lez, acompa\u00f1ado por el presidente municipal de Corregidora, Josu\u00e9 Guerrero Tr\u00e1pala, encabez\u00f3 la entrega de uniformes, \u00fatiles escolares y un nuevo m\u00f3dulo de aulas en la escuela primaria Emeterio Gonz\u00e1lez, ubicada en La Negreta.<\/p>\n\n\n\n<p class=\"wp-block-paragraph\">Estas acciones benefician a m\u00e1s de 800 alumnas y alumnos de los turnos matutino y vespertino.<\/p>\n\n\n\n<p class=\"wp-block-paragraph\">Durante el evento, la coordinadora general de la Comisi\u00f3n Estatal de Infraestructura (CEI), Sonia Carrillo Rosillo, inform\u00f3 que el nuevo edificio, de dos niveles, requiri\u00f3 una inversi\u00f3n superior a los nueve millones de pesos.<\/p>\n\n\n\n<p class=\"wp-block-paragraph\">La obra cuenta con cuatro aulas did\u00e1cticas, un m\u00f3dulo de ba\u00f1os, rampas de acceso, bodega, andadores de conexi\u00f3n y 45 luminarias, adem\u00e1s de infraestructura incluyente para personas con discapacidad.<\/p>\n\n\n\n<p class=\"wp-block-paragraph\">\u201cNuestros ni\u00f1os van a tener mejores espacios cada vez, porque adem\u00e1s tiene los espacios inclusivos y ba\u00f1os para personitas con ciertas discapacidades, tenemos rampas de acceso y estamos modernizando la infraestructura en beneficio, en este caso, de toda La Negreta\u201d, se\u00f1al\u00f3.<\/p>\n\n\n\n<p class=\"wp-block-paragraph\">Por su parte, la coordinadora general de la Unidad de Servicios para la Educaci\u00f3n B\u00e1sica en el Estado de Quer\u00e9taro (USEBEQ), Irene Quintanar Mej\u00eda, destac\u00f3 que durante los cinco a\u00f1os de la actual administraci\u00f3n estatal se han entregado \u00fatiles y uniformes escolares a m\u00e1s de 350 mil estudiantes de preescolar, primaria y secundaria en los 18 municipios de la entidad.<\/p>\n\n\n\n<p class=\"wp-block-paragraph\">Precis\u00f3 que, durante el presente ejercicio, la entrega de estos apoyos se realiz\u00f3 en las 2 mil 114 escuelas del estado, como una medida para apoyar la econom\u00eda de las familias y contribuir a que las y los estudiantes cuenten con los materiales b\u00e1sicos para iniciar el ciclo escolar en condiciones de mayor equidad.<\/p>\n\n\n\n<p class=\"wp-block-paragraph\">La funcionaria subray\u00f3 que estos programas buscan garantizar que las ni\u00f1as, ni\u00f1os y adolescentes tengan acceso a los elementos necesarios para continuar con su educaci\u00f3n y reducir las desigualdades entre las familias queretanas.<\/p>\n","protected":false},"excerpt":{"rendered":"<p>\u2022 El Gobernador encabez\u00f3 la entrega de un nuevo m\u00f3dulo de aulas en la primaria Emeterio Gonz\u00e1lez, en La Negreta, Corregidora.\u2022 M\u00e1s de 800 estudiantes de los turnos matutino y vespertino recibieron \u00fatiles y uniformes escolares. Con el objetivo de que las ni\u00f1as y los ni\u00f1os cuenten con herramientas y espacios adecuados para su formaci\u00f3n [&hellip;]<\/p>\n","protected":false},"author":5,"featured_media":84589,"comment_status":"closed","ping_status":"closed","sticky":false,"template":"","format":"standard","meta":{"footnotes":""},"categories":[3],"tags":[],"class_list":["post-84588","post","type-post","status-publish","format-standard","has-post-thumbnail","category-queretaro"],"_links":{"self":[{"href":"https:\/\/elinformanteqro.com\/noticias\/wp-json\/wp\/v2\/posts\/84588","targetHints":{"allow":["GET"]}}],"collection":[{"href":"https:\/\/elinformanteqro.com\/noticias\/wp-json\/wp\/v2\/posts"}],"about":[{"href":"https:\/\/elinformanteqro.com\/noticias\/wp-json\/wp\/v2\/types\/post"}],"author":[{"embeddable":true,"href":"https:\/\/elinformanteqro.com\/noticias\/wp-json\/wp\/v2\/users\/5"}],"replies":[{"embeddable":true,"href":"https:\/\/elinformanteqro.com\/noticias\/wp-json\/wp\/v2\/comments?post=84588"}],"version-history":[{"count":1,"href":"https:\/\/elinformanteqro.com\/noticias\/wp-json\/wp\/v2\/posts\/84588\/revisions"}],"predecessor-version":[{"id":84590,"href":"https:\/\/elinformanteqro.com\/noticias\/wp-json\/wp\/v2\/posts\/84588\/revisions\/84590"}],"wp:featuredmedia":[{"embeddable":true,"href":"https:\/\/elinformanteqro.com\/noticias\/wp-json\/wp\/v2\/media\/84589"}],"wp:attachment":[{"href":"https:\/\/elinformanteqro.com\/noticias\/wp-json\/wp\/v2\/media?parent=84588"}],"wp:term":[{"taxonomy":"category","embeddable":true,"href":"https:\/\/elinformanteqro.com\/noticias\/wp-json\/wp\/v2\/categories?post=84588"},{"taxonomy":"post_tag","embeddable":true,"href":"https:\/\/elinformanteqro.com\/noticias\/wp-json\/wp\/v2\/tags?post=84588"}],"curies":[{"name":"wp","href":"https:\/\/api.w.org\/{rel}","templated":true}]}}