{"id":84594,"date":"2026-08-18T14:25:46","date_gmt":"2026-08-18T20:25:46","guid":{"rendered":"https:\/\/elinformanteqro.com\/noticias\/?p=84594"},"modified":"2026-09-04T14:27:22","modified_gmt":"2026-09-04T20:27:22","slug":"japam-impulsa-reforestacion-para-fortalecer-la-recarga-del-acuifero-en-san-juan-del-rio","status":"publish","type":"post","link":"https:\/\/elinformanteqro.com\/noticias\/japam-impulsa-reforestacion-para-fortalecer-la-recarga-del-acuifero-en-san-juan-del-rio\/","title":{"rendered":"JAPAM impulsa reforestaci\u00f3n para fortalecer la recarga del acu\u00edfero en San Juan del R\u00edo"},"content":{"rendered":"\n<p class=\"wp-block-paragraph\"><strong>San Juan del R\u00edo, Qro.<\/strong>\u2013 Con una jornada de reforestaci\u00f3n en el <strong>Ejido Arcila<\/strong>, la Junta de Agua Potable y Alcantarillado Municipal (JAPAM) y el Gobierno Municipal que encabeza el presidente <strong>Roberto Cabrera Valencia<\/strong> fortalecieron las acciones del programa <strong>\u201cRa\u00edces del Agua\u201d<\/strong>, estrategia enfocada en la conservaci\u00f3n de los ecosistemas y la recarga del acu\u00edfero de San Juan del R\u00edo.<\/p>\n\n\n\n<p class=\"wp-block-paragraph\">Durante la jornada fueron plantados <strong>1,200 \u00e1rboles<\/strong> de especies como mezquite, palo dulce, leucaena y maguey, con la participaci\u00f3n de autoridades de los tres \u00f3rdenes de gobierno, representantes ejidales, personal de JAPAM, integrantes del sector industrial y habitantes de la comunidad.<\/p>\n\n\n\n<p class=\"wp-block-paragraph\">El programa busca aprovechar la temporada de lluvias mediante acciones de reforestaci\u00f3n, conservaci\u00f3n y obras que favorezcan la <strong>captaci\u00f3n e infiltraci\u00f3n del agua<\/strong>, contribuyendo a la recuperaci\u00f3n del acu\u00edfero, principal fuente de abastecimiento de agua potable para la poblaci\u00f3n.<\/p>\n\n\n\n<p class=\"wp-block-paragraph\">El presidente municipal, <strong>Roberto Cabrera Valencia<\/strong>, se\u00f1al\u00f3 que \u201cRa\u00edces del Agua\u201d representa una apuesta por el futuro de San Juan del R\u00edo y por la conservaci\u00f3n del recurso h\u00eddrico, al intervenir directamente en las zonas donde se genera la captaci\u00f3n del agua.<\/p>\n\n\n\n<p class=\"wp-block-paragraph\">\u201cComo siempre, en San Juan del R\u00edo planeamos, estamos trabajando en una planeaci\u00f3n, vemos hacia el futuro, somos personas muy responsables con el futuro de nuestros hijos y los hijos de nuestros hijos\u201d, expres\u00f3.<\/p>\n\n\n\n<p class=\"wp-block-paragraph\">Cabrera Valencia destac\u00f3 que estas acciones tambi\u00e9n representan una forma de reconocer la importancia del campo para el desarrollo del municipio.<\/p>\n\n\n\n<p class=\"wp-block-paragraph\">\u201cDe eso se trata este trabajo tan importante y queremos contribuir much\u00edsimo al origen de San Juan del R\u00edo, que es el campo\u201d, afirm\u00f3.<\/p>\n\n\n\n<p class=\"wp-block-paragraph\"><strong>M\u00e1s de 10 millones de pesos para acciones en 11 ejidos<\/strong><\/p>\n\n\n\n<p class=\"wp-block-paragraph\">El director de JAPAM, <strong>To\u00f1o P\u00e9rez<\/strong>, explic\u00f3 que \u201cRa\u00edces del Agua\u201d surgi\u00f3 como una estrategia municipal para fortalecer la recuperaci\u00f3n del acu\u00edfero y atender uno de los principales retos relacionados con el abasto de agua.<\/p>\n\n\n\n<p class=\"wp-block-paragraph\">Se\u00f1al\u00f3 que JAPAM cuenta actualmente con <strong>42 pozos<\/strong>, por lo que, adem\u00e1s de la extracci\u00f3n, es necesario impulsar acciones que permitan favorecer la recuperaci\u00f3n del agua.<\/p>\n\n\n\n<p class=\"wp-block-paragraph\">\u201cCon esto estamos contribuyendo justo en esta temporada de lluvias, presidente, a captar la mayor cantidad de agua posible para contribuir a la recarga de ese manto acu\u00edfero\u201d, explic\u00f3.<\/p>\n\n\n\n<p class=\"wp-block-paragraph\">Record\u00f3 que durante la primera etapa del programa se invirtieron <strong>3 millones de pesos<\/strong> y se trabaj\u00f3 con cinco ejidos. Para este a\u00f1o, la inversi\u00f3n supera los <strong>10 millones de pesos<\/strong>, con una ampliaci\u00f3n a <strong>11 ejidos<\/strong>.<\/p>\n\n\n\n<p class=\"wp-block-paragraph\">La estrategia contempla intervenir alrededor de <strong>2 mil hect\u00e1reas<\/strong> mediante trabajos de reforestaci\u00f3n, conservaci\u00f3n y obras destinadas a favorecer la captaci\u00f3n e infiltraci\u00f3n del agua.<\/p>\n\n\n\n<p class=\"wp-block-paragraph\"><strong>CONAFOR reconoce la iniciativa<\/strong><\/p>\n\n\n\n<p class=\"wp-block-paragraph\">Durante la jornada, el representante de la Comisi\u00f3n Nacional Forestal (CONAFOR) en Quer\u00e9taro, <strong>Alejandro Torres<\/strong>, reconoci\u00f3 el car\u00e1cter innovador de \u201cRa\u00edces del Agua\u201d y destac\u00f3 que la estrategia puede convertirse en un referente para otras regiones del pa\u00eds.<\/p>\n\n\n\n<p class=\"wp-block-paragraph\">Se\u00f1al\u00f3 que, mientras tradicionalmente las estrategias de abastecimiento se han concentrado en extraer agua y buscar nuevas fuentes, este programa pone el \u00e9nfasis en <strong>proteger los sitios donde ocurre la recarga del recurso<\/strong>.<\/p>\n\n\n\n<p class=\"wp-block-paragraph\">\u201cRealmente lo que est\u00e1 sucediendo aqu\u00ed, aunque veamos un proyecto ahorita que vamos a plantar \u00e1rboles, realmente es un proyecto que a nivel nacional es punta de lanza\u201d, afirm\u00f3.<\/p>\n\n\n\n<p class=\"wp-block-paragraph\">Torres destac\u00f3 que la propuesta surgida en San Juan del R\u00edo puede ser replicada en otros municipios al vincular la recuperaci\u00f3n de los ecosistemas con las necesidades de las comunidades, las ciudades y las actividades productivas.<\/p>\n\n\n\n<p class=\"wp-block-paragraph\">Por su parte, el representante de la Secretar\u00eda de Desarrollo Agropecuario (SEDEA), <strong>Jos\u00e9 Gonz\u00e1lez<\/strong>, refrend\u00f3 la disposici\u00f3n del Gobierno del Estado para continuar participando en acciones de recuperaci\u00f3n ambiental.<\/p>\n\n\n\n<p class=\"wp-block-paragraph\">Como parte de esta colaboraci\u00f3n, durante la jornada se entreg\u00f3 un <strong>certificado de donaci\u00f3n de \u00e1rboles<\/strong> para fortalecer las labores de reforestaci\u00f3n que JAPAM realiza en diferentes puntos del municipio.<\/p>\n\n\n\n<p class=\"wp-block-paragraph\">El presidente del Comisariado del Ejido Arcila, <strong>Enrique Hern\u00e1ndez Hern\u00e1ndez<\/strong>, agradeci\u00f3 la participaci\u00f3n de las autoridades y destac\u00f3 los beneficios que estas acciones representan para la comunidad y las futuras generaciones.<\/p>\n\n\n\n<p class=\"wp-block-paragraph\">Adem\u00e1s de contribuir a la conservaci\u00f3n ambiental, \u201cRa\u00edces del Agua\u201d busca que los recursos destinados al programa lleguen directamente a los ejidos, generando beneficios econ\u00f3micos para las comunidades mediante la contrataci\u00f3n de <strong>mano de obra local<\/strong>.<\/p>\n\n\n\n<p class=\"wp-block-paragraph\">Con estas acciones, el Gobierno Municipal y JAPAM refrendan su compromiso de impulsar soluciones de largo plazo para la conservaci\u00f3n del agua, bajo la premisa de que <strong>proteger los ecosistemas tambi\u00e9n significa proteger las fuentes de abastecimiento para las pr\u00f3ximas generaciones<\/strong>.<\/p>\n","protected":false},"excerpt":{"rendered":"<p>San Juan del R\u00edo, Qro.\u2013 Con una jornada de reforestaci\u00f3n en el Ejido Arcila, la Junta de Agua Potable y Alcantarillado Municipal (JAPAM) y el Gobierno Municipal que encabeza el presidente Roberto Cabrera Valencia fortalecieron las acciones del programa \u201cRa\u00edces del Agua\u201d, estrategia enfocada en la conservaci\u00f3n de los ecosistemas y la recarga del acu\u00edfero [&hellip;]<\/p>\n","protected":false},"author":5,"featured_media":84595,"comment_status":"closed","ping_status":"closed","sticky":false,"template":"","format":"standard","meta":{"footnotes":""},"categories":[4],"tags":[],"class_list":["post-84594","post","type-post","status-publish","format-standard","has-post-thumbnail","category-sanjuandelrio"],"_links":{"self":[{"href":"https:\/\/elinformanteqro.com\/noticias\/wp-json\/wp\/v2\/posts\/84594","targetHints":{"allow":["GET"]}}],"collection":[{"href":"https:\/\/elinformanteqro.com\/noticias\/wp-json\/wp\/v2\/posts"}],"about":[{"href":"https:\/\/elinformanteqro.com\/noticias\/wp-json\/wp\/v2\/types\/post"}],"author":[{"embeddable":true,"href":"https:\/\/elinformanteqro.com\/noticias\/wp-json\/wp\/v2\/users\/5"}],"replies":[{"embeddable":true,"href":"https:\/\/elinformanteqro.com\/noticias\/wp-json\/wp\/v2\/comments?post=84594"}],"version-history":[{"count":1,"href":"https:\/\/elinformanteqro.com\/noticias\/wp-json\/wp\/v2\/posts\/84594\/revisions"}],"predecessor-version":[{"id":84596,"href":"https:\/\/elinformanteqro.com\/noticias\/wp-json\/wp\/v2\/posts\/84594\/revisions\/84596"}],"wp:featuredmedia":[{"embeddable":true,"href":"https:\/\/elinformanteqro.com\/noticias\/wp-json\/wp\/v2\/media\/84595"}],"wp:attachment":[{"href":"https:\/\/elinformanteqro.com\/noticias\/wp-json\/wp\/v2\/media?parent=84594"}],"wp:term":[{"taxonomy":"category","embeddable":true,"href":"https:\/\/elinformanteqro.com\/noticias\/wp-json\/wp\/v2\/categories?post=84594"},{"taxonomy":"post_tag","embeddable":true,"href":"https:\/\/elinformanteqro.com\/noticias\/wp-json\/wp\/v2\/tags?post=84594"}],"curies":[{"name":"wp","href":"https:\/\/api.w.org\/{rel}","templated":true}]}}