{"id":84608,"date":"2026-09-04T14:56:12","date_gmt":"2026-09-04T20:56:12","guid":{"rendered":"https:\/\/elinformanteqro.com\/noticias\/?p=84608"},"modified":"2026-09-04T14:56:13","modified_gmt":"2026-09-04T20:56:13","slug":"queretaro-alista-una-intensa-agenda-cultural-para-septiembre-y-octubre","status":"publish","type":"post","link":"https:\/\/elinformanteqro.com\/noticias\/queretaro-alista-una-intensa-agenda-cultural-para-septiembre-y-octubre\/","title":{"rendered":"Quer\u00e9taro alista una intensa agenda cultural para septiembre y octubre"},"content":{"rendered":"\n<p class=\"wp-block-paragraph\"><\/p>\n\n\n\n<p class=\"wp-block-paragraph\">El municipio prepara actividades por el Hay Festival, las fiestas patrias, conciertos de la OFEQ y el Festival de Ciudades Patrimonio.<\/p>\n\n\n\n<p class=\"wp-block-paragraph\">El presidente municipal de Quer\u00e9taro, Felifer Mac\u00edas, anunci\u00f3 una amplia agenda cultural para septiembre y octubre, con actividades que se desarrollar\u00e1n tanto en el Centro Hist\u00f3rico como en las delegaciones municipales, con propuestas de literatura, m\u00fasica, arte y celebraciones por las fiestas patrias.<\/p>\n\n\n\n<p class=\"wp-block-paragraph\">Mac\u00edas destac\u00f3 que la capital queretana tendr\u00e1 una importante presencia cultural durante las pr\u00f3ximas semanas, al se\u00f1alar que la programaci\u00f3n contempla eventos de talla internacional y actividades para las familias queretanas.<\/p>\n\n\n\n<p class=\"wp-block-paragraph\">\u201cTenemos un fin de semana muy bonito aqu\u00ed en nuestro Centro Hist\u00f3rico. Hoy arranca el Hay Festival, con m\u00e1ximos exponentes de la cultura y la literatura a nivel mundial. Despu\u00e9s vienen los festejos patrios y muchos eventos culturales en el Municipio y las delegaciones para festejar nuestra Independencia Nacional\u201d, se\u00f1al\u00f3.<\/p>\n\n\n\n<p class=\"wp-block-paragraph\">Este viernes dar\u00e1 inicio el <strong>Hay Festival Quer\u00e9taro<\/strong>, encuentro que re\u00fane a destacadas figuras de la literatura, cultura, periodismo y pensamiento, entre ellas Mar\u00eda Due\u00f1as, Kiran Desai, Carissa V\u00e9liz, Meme del Real y Lydia Cacho, adem\u00e1s de m\u00e1s de un centenar de participantes provenientes de M\u00e9xico y otros pa\u00edses.<\/p>\n\n\n\n<p class=\"wp-block-paragraph\">Posteriormente, con motivo de las celebraciones por la Independencia de M\u00e9xico, el Municipio de Quer\u00e9taro desarrollar\u00e1 actividades culturales en el Centro Hist\u00f3rico y las delegaciones, como parte de una programaci\u00f3n que se complementar\u00e1 con los eventos organizados por el Gobierno del Estado.<\/p>\n\n\n\n<p class=\"wp-block-paragraph\">La agenda continuar\u00e1 el <strong>s\u00e1bado 26 y domingo 27 de septiembre<\/strong>, con dos conciertos de la <strong>Orquesta Filarm\u00f3nica del Estado de Quer\u00e9taro<\/strong>, en una propuesta que, de acuerdo con el alcalde, presentar\u00e1 un concepto innovador para el p\u00fablico queretano y visitantes.<\/p>\n\n\n\n<p class=\"wp-block-paragraph\">Para el primer fin de semana de octubre est\u00e1 previsto adem\u00e1s el <strong>Festival de Ciudades Patrimonio de la Humanidad<\/strong>, con el que se conmemorar\u00e1 el 30 aniversario de la declaratoria del Centro Hist\u00f3rico de Quer\u00e9taro como Patrimonio Cultural de la Humanidad por la UNESCO.<\/p>\n\n\n\n<p class=\"wp-block-paragraph\">El festival contempla diversas actividades culturales y art\u00edsticas para celebrar esta fecha y destacar el patrimonio hist\u00f3rico de la ciudad.<\/p>\n\n\n\n<p class=\"wp-block-paragraph\">Felifer Mac\u00edas afirm\u00f3 que esta programaci\u00f3n refleja la vocaci\u00f3n cultural de la capital queretana y reiter\u00f3: <strong>\u201cLa ciudad de Quer\u00e9taro, el Municipio de Quer\u00e9taro, somos la capital de la cultura\u201d.<\/strong><\/p>\n\n\n\n<p class=\"wp-block-paragraph\">La ciudadan\u00eda podr\u00e1 consultar la cartelera del Hay Festival Quer\u00e9taro y las diferentes actividades culturales de septiembre y octubre en la p\u00e1gina de la Secretar\u00eda de Cultura del Municipio de Quer\u00e9taro y en las redes sociales del presidente municipal.<\/p>\n","protected":false},"excerpt":{"rendered":"<p>El municipio prepara actividades por el Hay Festival, las fiestas patrias, conciertos de la OFEQ y el Festival de Ciudades Patrimonio. El presidente municipal de Quer\u00e9taro, Felifer Mac\u00edas, anunci\u00f3 una amplia agenda cultural para septiembre y octubre, con actividades que se desarrollar\u00e1n tanto en el Centro Hist\u00f3rico como en las delegaciones municipales, con propuestas de [&hellip;]<\/p>\n","protected":false},"author":5,"featured_media":84609,"comment_status":"closed","ping_status":"closed","sticky":false,"template":"","format":"standard","meta":{"footnotes":""},"categories":[3],"tags":[],"class_list":["post-84608","post","type-post","status-publish","format-standard","has-post-thumbnail","category-queretaro"],"_links":{"self":[{"href":"https:\/\/elinformanteqro.com\/noticias\/wp-json\/wp\/v2\/posts\/84608","targetHints":{"allow":["GET"]}}],"collection":[{"href":"https:\/\/elinformanteqro.com\/noticias\/wp-json\/wp\/v2\/posts"}],"about":[{"href":"https:\/\/elinformanteqro.com\/noticias\/wp-json\/wp\/v2\/types\/post"}],"author":[{"embeddable":true,"href":"https:\/\/elinformanteqro.com\/noticias\/wp-json\/wp\/v2\/users\/5"}],"replies":[{"embeddable":true,"href":"https:\/\/elinformanteqro.com\/noticias\/wp-json\/wp\/v2\/comments?post=84608"}],"version-history":[{"count":1,"href":"https:\/\/elinformanteqro.com\/noticias\/wp-json\/wp\/v2\/posts\/84608\/revisions"}],"predecessor-version":[{"id":84610,"href":"https:\/\/elinformanteqro.com\/noticias\/wp-json\/wp\/v2\/posts\/84608\/revisions\/84610"}],"wp:featuredmedia":[{"embeddable":true,"href":"https:\/\/elinformanteqro.com\/noticias\/wp-json\/wp\/v2\/media\/84609"}],"wp:attachment":[{"href":"https:\/\/elinformanteqro.com\/noticias\/wp-json\/wp\/v2\/media?parent=84608"}],"wp:term":[{"taxonomy":"category","embeddable":true,"href":"https:\/\/elinformanteqro.com\/noticias\/wp-json\/wp\/v2\/categories?post=84608"},{"taxonomy":"post_tag","embeddable":true,"href":"https:\/\/elinformanteqro.com\/noticias\/wp-json\/wp\/v2\/tags?post=84608"}],"curies":[{"name":"wp","href":"https:\/\/api.w.org\/{rel}","templated":true}]}}