{"id":84611,"date":"2026-09-04T16:44:11","date_gmt":"2026-09-04T22:44:11","guid":{"rendered":"https:\/\/elinformanteqro.com\/noticias\/?p=84611"},"modified":"2026-09-04T16:44:12","modified_gmt":"2026-09-04T22:44:12","slug":"se-pronostica-el-ingreso-de-56-frentes-frios-a-mexico-durante-la-temporada-2026-2027","status":"publish","type":"post","link":"https:\/\/elinformanteqro.com\/noticias\/se-pronostica-el-ingreso-de-56-frentes-frios-a-mexico-durante-la-temporada-2026-2027\/","title":{"rendered":"Se pronostica el ingreso de 56 frentes fr\u00edos a M\u00e9xico durante la temporada 2026-2027"},"content":{"rendered":"\n<ul class=\"wp-block-list\">\n<li>La temporada iniciar\u00e1 estad\u00edsticamente en septiembre y concluir\u00e1 en mayo.<\/li>\n\n\n\n<li>El fen\u00f3meno de El Ni\u00f1o influir\u00e1 en el desarrollo e intensidad de los sistemas frontales.<\/li>\n<\/ul>\n\n\n\n<p class=\"wp-block-paragraph\">El Servicio Meteorol\u00f3gico Nacional (SMN), dependiente de la Comisi\u00f3n Nacional del Agua (Conagua), pronostic\u00f3 el ingreso de 56 frentes fr\u00edos a M\u00e9xico durante la temporada 2026-2027, cifra superior al promedio climatol\u00f3gico de 50 sistemas registrado en el periodo 1990-2020.<\/p>\n\n\n\n<p class=\"wp-block-paragraph\">Durante una conferencia de prensa del Gobierno de M\u00e9xico, en la que tambi\u00e9n se presentaron las medidas de prevenci\u00f3n y protecci\u00f3n para la poblaci\u00f3n, el coordinador general del SMN, Fabi\u00e1n V\u00e1zquez Roma\u00f1a, inform\u00f3 sobre la distribuci\u00f3n prevista de los sistemas frontales durante los pr\u00f3ximos meses.<\/p>\n\n\n\n<p class=\"wp-block-paragraph\">De acuerdo con el pron\u00f3stico, se esperan tres frentes fr\u00edos en septiembre, siete en octubre, ocho en noviembre, nueve en diciembre, ocho en enero, siete en febrero, seis en marzo, seis en abril y dos en mayo.<\/p>\n\n\n\n<p class=\"wp-block-paragraph\">La temporada estar\u00e1 influenciada por la fase c\u00e1lida del fen\u00f3meno El Ni\u00f1o-Oscilaci\u00f3n del Sur (ENOS), el cual continuar\u00e1 fortaleci\u00e9ndose durante la actual temporada de lluvias y podr\u00eda alcanzar una intensidad de El Ni\u00f1o muy fuerte hacia finales de a\u00f1o.<\/p>\n\n\n\n<p class=\"wp-block-paragraph\">Esta condici\u00f3n favorecer\u00eda una mayor frecuencia de sistemas frontales durante los meses de noviembre a febrero, periodo en el que se prev\u00e9 el ingreso de alrededor de 32 frentes fr\u00edos, es decir, m\u00e1s de la mitad del total pronosticado para la temporada.<\/p>\n\n\n\n<p class=\"wp-block-paragraph\">Asimismo, se anticipa un incremento en la frecuencia de los llamados eventos de Norte, principalmente en las zonas costeras del golfo de M\u00e9xico, donde podr\u00edan presentarse fuertes rachas de viento, oleaje elevado y precipitaciones.<\/p>\n\n\n\n<p class=\"wp-block-paragraph\">En materia de lluvias, el SMN prev\u00e9 que durante septiembre las precipitaciones se mantengan por debajo del promedio climatol\u00f3gico debido a la influencia de El Ni\u00f1o. Para octubre se esperan condiciones normales o superiores al promedio.<\/p>\n\n\n\n<p class=\"wp-block-paragraph\">En noviembre, las lluvias podr\u00edan ubicarse por arriba de la media en el centro-norte y noreste del pa\u00eds, mientras que en diciembre se esperan precipitaciones superiores al promedio en el noroeste y menores a la media en las regiones occidente y sur.<\/p>\n\n\n\n<p class=\"wp-block-paragraph\">El titular del SMN explic\u00f3 que durante el invierno algunas masas de aire fr\u00edo procedentes de Canad\u00e1 y Estados Unidos pueden interactuar con la humedad disponible y generar tormentas invernales, principalmente en el norte y noroeste del pa\u00eds.<\/p>\n\n\n\n<p class=\"wp-block-paragraph\">Tambi\u00e9n advirti\u00f3 que durante la transici\u00f3n entre verano y oto\u00f1o todav\u00eda pueden desarrollarse ciclones tropicales, especialmente en el golfo de M\u00e9xico. La interacci\u00f3n entre estos fen\u00f3menos y las masas de aire fr\u00edo podr\u00eda modificar sus trayectorias o prolongar su permanencia en determinadas regiones, intensificando sus efectos.<\/p>\n\n\n\n<p class=\"wp-block-paragraph\">En representaci\u00f3n de la Coordinaci\u00f3n Nacional de Protecci\u00f3n Civil (CNPC), el director general de Protecci\u00f3n Civil, Romero Alejandro Vergara Casta\u00f1eda, exhort\u00f3 a la poblaci\u00f3n a revisar las condiciones de sus viviendas y sistemas de calefacci\u00f3n, mantenerse informada mediante fuentes oficiales y seguir las indicaciones de las autoridades.<\/p>\n\n\n\n<p class=\"wp-block-paragraph\">Entre las principales recomendaciones se encuentra vestir en capas y cubrir rostro, cabeza, manos y o\u00eddos durante los eventos de bajas temperaturas, as\u00ed como consumir alimentos nutritivos y bebidas calientes.<\/p>\n\n\n\n<p class=\"wp-block-paragraph\">Las autoridades tambi\u00e9n alertaron sobre los riesgos del uso de braseros, hornos o estufas para calentar habitaciones, debido a la producci\u00f3n de mon\u00f3xido de carbono en espacios cerrados, un gas t\u00f3xico que puede resultar mortal.<\/p>\n\n\n\n<p class=\"wp-block-paragraph\">La CNPC inform\u00f3 que mantiene acciones permanentes de preparaci\u00f3n y coordinaci\u00f3n con las distintas dependencias del Sistema Nacional de Protecci\u00f3n Civil para atender posibles contingencias provocadas por los frentes fr\u00edos.<\/p>\n\n\n\n<p class=\"wp-block-paragraph\">En caso de emergencias mayores, las secretar\u00edas de la Defensa Nacional y de Marina activan sus respectivos planes de auxilio, mientras que dependencias como Conagua, la Comisi\u00f3n Federal de Electricidad y la Secretar\u00eda de Infraestructura, Comunicaciones y Transportes participan en la recuperaci\u00f3n de servicios y atenci\u00f3n de afectaciones.<\/p>\n\n\n\n<p class=\"wp-block-paragraph\">Las autoridades recomendaron a la poblaci\u00f3n mantenerse informada sobre las condiciones meteorol\u00f3gicas y seguir los pron\u00f3sticos oficiales de Conagua y el Servicio Meteorol\u00f3gico Nacional.<\/p>\n","protected":false},"excerpt":{"rendered":"<p>El Servicio Meteorol\u00f3gico Nacional (SMN), dependiente de la Comisi\u00f3n Nacional del Agua (Conagua), pronostic\u00f3 el ingreso de 56 frentes fr\u00edos a M\u00e9xico durante la temporada 2026-2027, cifra superior al promedio climatol\u00f3gico de 50 sistemas registrado en el periodo 1990-2020. Durante una conferencia de prensa del Gobierno de M\u00e9xico, en la que tambi\u00e9n se presentaron las [&hellip;]<\/p>\n","protected":false},"author":5,"featured_media":84612,"comment_status":"closed","ping_status":"closed","sticky":false,"template":"","format":"standard","meta":{"footnotes":""},"categories":[3],"tags":[],"class_list":["post-84611","post","type-post","status-publish","format-standard","has-post-thumbnail","category-queretaro"],"_links":{"self":[{"href":"https:\/\/elinformanteqro.com\/noticias\/wp-json\/wp\/v2\/posts\/84611","targetHints":{"allow":["GET"]}}],"collection":[{"href":"https:\/\/elinformanteqro.com\/noticias\/wp-json\/wp\/v2\/posts"}],"about":[{"href":"https:\/\/elinformanteqro.com\/noticias\/wp-json\/wp\/v2\/types\/post"}],"author":[{"embeddable":true,"href":"https:\/\/elinformanteqro.com\/noticias\/wp-json\/wp\/v2\/users\/5"}],"replies":[{"embeddable":true,"href":"https:\/\/elinformanteqro.com\/noticias\/wp-json\/wp\/v2\/comments?post=84611"}],"version-history":[{"count":1,"href":"https:\/\/elinformanteqro.com\/noticias\/wp-json\/wp\/v2\/posts\/84611\/revisions"}],"predecessor-version":[{"id":84613,"href":"https:\/\/elinformanteqro.com\/noticias\/wp-json\/wp\/v2\/posts\/84611\/revisions\/84613"}],"wp:featuredmedia":[{"embeddable":true,"href":"https:\/\/elinformanteqro.com\/noticias\/wp-json\/wp\/v2\/media\/84612"}],"wp:attachment":[{"href":"https:\/\/elinformanteqro.com\/noticias\/wp-json\/wp\/v2\/media?parent=84611"}],"wp:term":[{"taxonomy":"category","embeddable":true,"href":"https:\/\/elinformanteqro.com\/noticias\/wp-json\/wp\/v2\/categories?post=84611"},{"taxonomy":"post_tag","embeddable":true,"href":"https:\/\/elinformanteqro.com\/noticias\/wp-json\/wp\/v2\/tags?post=84611"}],"curies":[{"name":"wp","href":"https:\/\/api.w.org\/{rel}","templated":true}]}}