{"id":84617,"date":"2026-09-04T16:47:58","date_gmt":"2026-09-04T22:47:58","guid":{"rendered":"https:\/\/elinformanteqro.com\/noticias\/?p=84617"},"modified":"2026-09-04T16:47:59","modified_gmt":"2026-09-04T22:47:59","slug":"inaugura-liliana-san-martin-expo-empleo-para-tecnicos-y-profesionistas-2026","status":"publish","type":"post","link":"https:\/\/elinformanteqro.com\/noticias\/inaugura-liliana-san-martin-expo-empleo-para-tecnicos-y-profesionistas-2026\/","title":{"rendered":"Inaugura Liliana San Mart\u00edn Expo Empleo para T\u00e9cnicos y Profesionistas 2026"},"content":{"rendered":"\n<p class=\"wp-block-paragraph\">La secretaria del Trabajo, Liliana San Mart\u00edn Castillo, inaugur\u00f3 la <strong>Expo Empleo para T\u00e9cnicos y Profesionistas 2026<\/strong>, encuentro que desde su inicio registr\u00f3 la participaci\u00f3n de m\u00e1s de 2 mil personas en busca de oportunidades laborales.<\/p>\n\n\n\n<p class=\"wp-block-paragraph\">El evento se realiz\u00f3 en el Quer\u00e9taro Centro de Congresos (QCC), como parte del Encuentro Industrial 2026, y reuni\u00f3 ofertas de empleo con salarios de hasta <strong>150 mil pesos mensuales<\/strong>, dirigidas a perfiles t\u00e9cnicos, profesionales y gerenciales.<\/p>\n\n\n\n<p class=\"wp-block-paragraph\">San Mart\u00edn Castillo destac\u00f3 que la expo responde a la preparaci\u00f3n, experiencia y aspiraciones de quienes buscan incorporarse al mercado laboral o avanzar en su trayectoria profesional, mediante un esquema de vinculaci\u00f3n especializada con 25 empresas de los sectores industrial y de servicios.<\/p>\n\n\n\n<p class=\"wp-block-paragraph\">\u201cQue hoy tengamos m\u00e1s de dos mil participantes confirma que en Quer\u00e9taro existe talento preparado, con experiencia y con el deseo de seguir creciendo. Nuestra responsabilidad es crear espacios de calidad para que las personas encuentren oportunidades acordes con su formaci\u00f3n y con sus aspiraciones profesionales\u201d, se\u00f1al\u00f3.<\/p>\n\n\n\n<p class=\"wp-block-paragraph\">Durante la inauguraci\u00f3n, el secretario de Desarrollo Sustentable, Marco Antonio Del Prete Tercero, afirm\u00f3 que Quer\u00e9taro se encuentra entre las tres entidades del pa\u00eds que contin\u00faan generando empleo, resultado del dinamismo econ\u00f3mico y de la colaboraci\u00f3n entre el Gobierno del Estado y el sector productivo.<\/p>\n\n\n\n<p class=\"wp-block-paragraph\">Precis\u00f3 que entre enero y julio de este a\u00f1o se generaron <strong>7 mil 971 empleos<\/strong> en la entidad y destac\u00f3 la importancia de acercar estas oportunidades a la poblaci\u00f3n.<\/p>\n\n\n\n<p class=\"wp-block-paragraph\">Como parte de la jornada, las empresas participantes llevaron a cabo procesos de reclutamiento para puestos relacionados con <strong>manufactura, automatizaci\u00f3n, log\u00edstica, mantenimiento, calidad, recursos humanos, producci\u00f3n y \u00e1reas gerenciales<\/strong>.<\/p>\n\n\n\n<p class=\"wp-block-paragraph\">En el evento tambi\u00e9n estuvieron presentes el director del Centro Estatal de Empleabilidad, Erick Iv\u00e1n Lugo Contreras; el presidente del Cl\u00faster Automotriz de Quer\u00e9taro, Ra\u00fal Lizarriturri Mart\u00ednez; el director general del Cl\u00faster Automotriz de Quer\u00e9taro, Daniel Hern\u00e1ndez Camacho, as\u00ed como representantes de las empresas participantes.<\/p>\n","protected":false},"excerpt":{"rendered":"<p>La secretaria del Trabajo, Liliana San Mart\u00edn Castillo, inaugur\u00f3 la Expo Empleo para T\u00e9cnicos y Profesionistas 2026, encuentro que desde su inicio registr\u00f3 la participaci\u00f3n de m\u00e1s de 2 mil personas en busca de oportunidades laborales. El evento se realiz\u00f3 en el Quer\u00e9taro Centro de Congresos (QCC), como parte del Encuentro Industrial 2026, y reuni\u00f3 [&hellip;]<\/p>\n","protected":false},"author":5,"featured_media":84618,"comment_status":"closed","ping_status":"closed","sticky":false,"template":"","format":"standard","meta":{"footnotes":""},"categories":[3],"tags":[],"class_list":["post-84617","post","type-post","status-publish","format-standard","has-post-thumbnail","category-queretaro"],"_links":{"self":[{"href":"https:\/\/elinformanteqro.com\/noticias\/wp-json\/wp\/v2\/posts\/84617","targetHints":{"allow":["GET"]}}],"collection":[{"href":"https:\/\/elinformanteqro.com\/noticias\/wp-json\/wp\/v2\/posts"}],"about":[{"href":"https:\/\/elinformanteqro.com\/noticias\/wp-json\/wp\/v2\/types\/post"}],"author":[{"embeddable":true,"href":"https:\/\/elinformanteqro.com\/noticias\/wp-json\/wp\/v2\/users\/5"}],"replies":[{"embeddable":true,"href":"https:\/\/elinformanteqro.com\/noticias\/wp-json\/wp\/v2\/comments?post=84617"}],"version-history":[{"count":1,"href":"https:\/\/elinformanteqro.com\/noticias\/wp-json\/wp\/v2\/posts\/84617\/revisions"}],"predecessor-version":[{"id":84619,"href":"https:\/\/elinformanteqro.com\/noticias\/wp-json\/wp\/v2\/posts\/84617\/revisions\/84619"}],"wp:featuredmedia":[{"embeddable":true,"href":"https:\/\/elinformanteqro.com\/noticias\/wp-json\/wp\/v2\/media\/84618"}],"wp:attachment":[{"href":"https:\/\/elinformanteqro.com\/noticias\/wp-json\/wp\/v2\/media?parent=84617"}],"wp:term":[{"taxonomy":"category","embeddable":true,"href":"https:\/\/elinformanteqro.com\/noticias\/wp-json\/wp\/v2\/categories?post=84617"},{"taxonomy":"post_tag","embeddable":true,"href":"https:\/\/elinformanteqro.com\/noticias\/wp-json\/wp\/v2\/tags?post=84617"}],"curies":[{"name":"wp","href":"https:\/\/api.w.org\/{rel}","templated":true}]}}