{"id":84620,"date":"2026-09-04T16:49:08","date_gmt":"2026-09-04T22:49:08","guid":{"rendered":"https:\/\/elinformanteqro.com\/noticias\/?p=84620"},"modified":"2026-09-04T16:49:10","modified_gmt":"2026-09-04T22:49:10","slug":"recibe-sedif-al-hay-festival-queretaro-en-plan-vida-y-en-el-cas-carmelita-ballesteros","status":"publish","type":"post","link":"https:\/\/elinformanteqro.com\/noticias\/recibe-sedif-al-hay-festival-queretaro-en-plan-vida-y-en-el-cas-carmelita-ballesteros\/","title":{"rendered":"Recibe SEDIF al Hay Festival Quer\u00e9taro en Plan Vida y en el CAS Carmelita Ballesteros"},"content":{"rendered":"\n<p class=\"wp-block-paragraph\">En el marco del <strong>Hay Festival Quer\u00e9taro 2026<\/strong>, que se realiza del 4 al 6 de septiembre, el Sistema Estatal DIF (SEDIF) acerc\u00f3 actividades culturales y literarias a personas adultas mayores, as\u00ed como a ni\u00f1as, ni\u00f1os y adolescentes de sus centros de atenci\u00f3n.<\/p>\n\n\n\n<p class=\"wp-block-paragraph\">En el Centro Gerontol\u00f3gico Plan Vida, la procuradora de Atenci\u00f3n y Protecci\u00f3n Integral de Personas Adultas Mayores del SEDIF, Paola Fern\u00e1ndez Trejo, encabez\u00f3 el conversatorio <strong>\u201cSobre el Duelo\u201d<\/strong>, dirigido a las y los usuarios de este espacio.<\/p>\n\n\n\n<p class=\"wp-block-paragraph\">Fern\u00e1ndez Trejo dio la bienvenida al escritor espa\u00f1ol <strong>Pol Guasch<\/strong> y a la moderadora <strong>Margarita Aguilar Urb\u00e1n<\/strong>, adem\u00e1s de invitar a las personas asistentes a aprovechar los espacios de reflexi\u00f3n que ofrece el festival en torno a temas como el suicidio, el duelo, las p\u00e9rdidas y el silencio familiar.<\/p>\n\n\n\n<p class=\"wp-block-paragraph\">La funcionaria destac\u00f3 que, aunque las personas adultas mayores de Plan Vida cuentan con redes de apoyo y mantienen una vida activa, la Procuradur\u00eda tambi\u00e9n atiende casos relacionados con maltrato y omisi\u00f3n de cuidados.<\/p>\n\n\n\n<p class=\"wp-block-paragraph\">Se\u00f1al\u00f3 que el duelo en esta etapa de la vida puede estar relacionado no solamente con la p\u00e9rdida de familiares, sino tambi\u00e9n con cambios en la movilidad, autonom\u00eda, situaci\u00f3n econ\u00f3mica y p\u00e9rdida de amistades.<\/p>\n\n\n\n<p class=\"wp-block-paragraph\">Posteriormente, en el <strong>CAS Carmelita Ballesteros<\/strong>, el procurador de Protecci\u00f3n de Ni\u00f1as, Ni\u00f1os y Adolescentes, Manuel Hern\u00e1ndez Rodr\u00edguez, recibi\u00f3 a la escritora <strong>Elaine Vilar Madruga<\/strong>, autora de <em>Un Globo Rojo en tu Ventana<\/em>.<\/p>\n\n\n\n<p class=\"wp-block-paragraph\">Como parte del encuentro, la autora imparti\u00f3 un taller literario dirigido a ni\u00f1as, ni\u00f1os y adolescentes, a quienes acerc\u00f3 a distintas expresiones culturales y comparti\u00f3 aspectos de su proceso creativo, adem\u00e1s de consejos para desarrollar sus propias historias.<\/p>\n\n\n\n<p class=\"wp-block-paragraph\">Hern\u00e1ndez Rodr\u00edguez destac\u00f3 que uno de los objetivos del Sistema Estatal DIF y del Hay Festival es acercar el arte y la cultura a las ni\u00f1as, ni\u00f1os y adolescentes, por lo que reconoci\u00f3 la realizaci\u00f3n de este tipo de actividades en los centros de atenci\u00f3n.<\/p>\n\n\n\n<p class=\"wp-block-paragraph\">Con estas acciones, el SEDIF se sum\u00f3 a la programaci\u00f3n del Hay Festival Quer\u00e9taro mediante actividades que promueven la reflexi\u00f3n, la expresi\u00f3n art\u00edstica y el acercamiento a la literatura entre distintos sectores de la poblaci\u00f3n.<\/p>\n","protected":false},"excerpt":{"rendered":"<p>En el marco del Hay Festival Quer\u00e9taro 2026, que se realiza del 4 al 6 de septiembre, el Sistema Estatal DIF (SEDIF) acerc\u00f3 actividades culturales y literarias a personas adultas mayores, as\u00ed como a ni\u00f1as, ni\u00f1os y adolescentes de sus centros de atenci\u00f3n. En el Centro Gerontol\u00f3gico Plan Vida, la procuradora de Atenci\u00f3n y Protecci\u00f3n [&hellip;]<\/p>\n","protected":false},"author":5,"featured_media":84621,"comment_status":"closed","ping_status":"closed","sticky":false,"template":"","format":"standard","meta":{"footnotes":""},"categories":[3],"tags":[],"class_list":["post-84620","post","type-post","status-publish","format-standard","has-post-thumbnail","category-queretaro"],"_links":{"self":[{"href":"https:\/\/elinformanteqro.com\/noticias\/wp-json\/wp\/v2\/posts\/84620","targetHints":{"allow":["GET"]}}],"collection":[{"href":"https:\/\/elinformanteqro.com\/noticias\/wp-json\/wp\/v2\/posts"}],"about":[{"href":"https:\/\/elinformanteqro.com\/noticias\/wp-json\/wp\/v2\/types\/post"}],"author":[{"embeddable":true,"href":"https:\/\/elinformanteqro.com\/noticias\/wp-json\/wp\/v2\/users\/5"}],"replies":[{"embeddable":true,"href":"https:\/\/elinformanteqro.com\/noticias\/wp-json\/wp\/v2\/comments?post=84620"}],"version-history":[{"count":1,"href":"https:\/\/elinformanteqro.com\/noticias\/wp-json\/wp\/v2\/posts\/84620\/revisions"}],"predecessor-version":[{"id":84622,"href":"https:\/\/elinformanteqro.com\/noticias\/wp-json\/wp\/v2\/posts\/84620\/revisions\/84622"}],"wp:featuredmedia":[{"embeddable":true,"href":"https:\/\/elinformanteqro.com\/noticias\/wp-json\/wp\/v2\/media\/84621"}],"wp:attachment":[{"href":"https:\/\/elinformanteqro.com\/noticias\/wp-json\/wp\/v2\/media?parent=84620"}],"wp:term":[{"taxonomy":"category","embeddable":true,"href":"https:\/\/elinformanteqro.com\/noticias\/wp-json\/wp\/v2\/categories?post=84620"},{"taxonomy":"post_tag","embeddable":true,"href":"https:\/\/elinformanteqro.com\/noticias\/wp-json\/wp\/v2\/tags?post=84620"}],"curies":[{"name":"wp","href":"https:\/\/api.w.org\/{rel}","templated":true}]}}