{"id":84623,"date":"2026-09-04T16:51:09","date_gmt":"2026-09-04T22:51:09","guid":{"rendered":"https:\/\/elinformanteqro.com\/noticias\/?p=84623"},"modified":"2026-09-04T16:51:10","modified_gmt":"2026-09-04T22:51:10","slug":"queretaro-fortalece-atencion-a-migrantes-mediante-alianza-con-fuerza-migrante","status":"publish","type":"post","link":"https:\/\/elinformanteqro.com\/noticias\/queretaro-fortalece-atencion-a-migrantes-mediante-alianza-con-fuerza-migrante\/","title":{"rendered":"Quer\u00e9taro fortalece atenci\u00f3n a migrantes mediante alianza con Fuerza Migrante"},"content":{"rendered":"\n<p class=\"wp-block-paragraph\">El secretario de Gobierno, Eric Gudi\u00f1o Torres, encabez\u00f3 la firma del <strong>Convenio de Colaboraci\u00f3n y Coordinaci\u00f3n entre el Poder Ejecutivo del Estado de Quer\u00e9taro y Fuerza Migrante en Acci\u00f3n, A.C.<\/strong>, representada por su secretario general, Avelino Meza Rodr\u00edguez.<\/p>\n\n\n\n<p class=\"wp-block-paragraph\">El acuerdo tiene como objetivo establecer las bases de colaboraci\u00f3n para difundir programas y servicios de Fuerza Migrante en beneficio de las personas queretanas que radican en Estados Unidos, as\u00ed como de sus familias.<\/p>\n\n\n\n<p class=\"wp-block-paragraph\">Eric Gudi\u00f1o Torres destac\u00f3 que esta alianza permitir\u00e1 ampliar los canales de atenci\u00f3n y acercar servicios a la comunidad queretana que vive en la Uni\u00f3n Americana.<\/p>\n\n\n\n<p class=\"wp-block-paragraph\">Por su parte, el secretario general de Fuerza Migrante explic\u00f3 que las y los queretanos residentes en distintas ciudades de Estados Unidos podr\u00e1n acceder a una red integrada por alrededor de 200 organizaciones de mexicanos en ese pa\u00eds.<\/p>\n\n\n\n<p class=\"wp-block-paragraph\">A trav\u00e9s de un centro de atenci\u00f3n digital, la organizaci\u00f3n ofrece de manera gratuita orientaci\u00f3n, acompa\u00f1amiento e informaci\u00f3n en distintos \u00e1mbitos, entre ellos <strong>asesor\u00eda jur\u00eddica, salud, educaci\u00f3n, migrantes en retorno y asistencia consular<\/strong>.<\/p>\n\n\n\n<p class=\"wp-block-paragraph\">Se\u00f1al\u00f3 que la alianza permitir\u00e1 incorporar los programas y servicios que actualmente ofrece el Gobierno de Quer\u00e9taro, mientras que Fuerza Migrante funcionar\u00e1 como un conducto para facilitar el acceso de la comunidad queretana a estas alternativas de atenci\u00f3n.<\/p>\n\n\n\n<p class=\"wp-block-paragraph\">La ventanilla de atenci\u00f3n de Fuerza Migrante est\u00e1 disponible en el n\u00famero <strong>+1 202 614 8294<\/strong> y mediante su p\u00e1gina oficial.<\/p>\n","protected":false},"excerpt":{"rendered":"<p>El secretario de Gobierno, Eric Gudi\u00f1o Torres, encabez\u00f3 la firma del Convenio de Colaboraci\u00f3n y Coordinaci\u00f3n entre el Poder Ejecutivo del Estado de Quer\u00e9taro y Fuerza Migrante en Acci\u00f3n, A.C., representada por su secretario general, Avelino Meza Rodr\u00edguez. El acuerdo tiene como objetivo establecer las bases de colaboraci\u00f3n para difundir programas y servicios de Fuerza [&hellip;]<\/p>\n","protected":false},"author":5,"featured_media":84625,"comment_status":"closed","ping_status":"closed","sticky":false,"template":"","format":"standard","meta":{"footnotes":""},"categories":[3],"tags":[],"class_list":["post-84623","post","type-post","status-publish","format-standard","has-post-thumbnail","category-queretaro"],"_links":{"self":[{"href":"https:\/\/elinformanteqro.com\/noticias\/wp-json\/wp\/v2\/posts\/84623","targetHints":{"allow":["GET"]}}],"collection":[{"href":"https:\/\/elinformanteqro.com\/noticias\/wp-json\/wp\/v2\/posts"}],"about":[{"href":"https:\/\/elinformanteqro.com\/noticias\/wp-json\/wp\/v2\/types\/post"}],"author":[{"embeddable":true,"href":"https:\/\/elinformanteqro.com\/noticias\/wp-json\/wp\/v2\/users\/5"}],"replies":[{"embeddable":true,"href":"https:\/\/elinformanteqro.com\/noticias\/wp-json\/wp\/v2\/comments?post=84623"}],"version-history":[{"count":1,"href":"https:\/\/elinformanteqro.com\/noticias\/wp-json\/wp\/v2\/posts\/84623\/revisions"}],"predecessor-version":[{"id":84626,"href":"https:\/\/elinformanteqro.com\/noticias\/wp-json\/wp\/v2\/posts\/84623\/revisions\/84626"}],"wp:featuredmedia":[{"embeddable":true,"href":"https:\/\/elinformanteqro.com\/noticias\/wp-json\/wp\/v2\/media\/84625"}],"wp:attachment":[{"href":"https:\/\/elinformanteqro.com\/noticias\/wp-json\/wp\/v2\/media?parent=84623"}],"wp:term":[{"taxonomy":"category","embeddable":true,"href":"https:\/\/elinformanteqro.com\/noticias\/wp-json\/wp\/v2\/categories?post=84623"},{"taxonomy":"post_tag","embeddable":true,"href":"https:\/\/elinformanteqro.com\/noticias\/wp-json\/wp\/v2\/tags?post=84623"}],"curies":[{"name":"wp","href":"https:\/\/api.w.org\/{rel}","templated":true}]}}