{"id":84630,"date":"2026-09-04T16:54:26","date_gmt":"2026-09-04T22:54:26","guid":{"rendered":"https:\/\/elinformanteqro.com\/noticias\/?p=84630"},"modified":"2026-09-04T16:54:27","modified_gmt":"2026-09-04T22:54:27","slug":"abre-sus-puertas-la-galeria-raq-en-el-ceart-con-exposicion-de-jovenes-del-ciema","status":"publish","type":"post","link":"https:\/\/elinformanteqro.com\/noticias\/abre-sus-puertas-la-galeria-raq-en-el-ceart-con-exposicion-de-jovenes-del-ciema\/","title":{"rendered":"Abre sus puertas la Galer\u00eda RAQ en el CEART con exposici\u00f3n de j\u00f3venes del CIEMA"},"content":{"rendered":"\n<p class=\"wp-block-paragraph\">Con la exposici\u00f3n <strong>\u201cEntre rostros\u201d<\/strong>, integrada por obras realizadas por j\u00f3venes del Centro de Internamiento y Ejecuci\u00f3n de Medidas para Adolescentes (CIEMA), la secretaria de Cultura del estado, Ana Paola L\u00f3pez Birlain, inaugur\u00f3 la <strong>Galer\u00eda RAQ<\/strong> en el Centro de las Artes de Quer\u00e9taro (CEART).<\/p>\n\n\n\n<p class=\"wp-block-paragraph\">El nuevo espacio forma parte del Centro de Integraci\u00f3n y Vinculaci\u00f3n para el Arte (CIVARTE) y busca generar nuevas oportunidades para la comunidad art\u00edstica queretana mediante la vinculaci\u00f3n, la colaboraci\u00f3n y la promoci\u00f3n del talento local.<\/p>\n\n\n\n<p class=\"wp-block-paragraph\">L\u00f3pez Birlain destac\u00f3 que la Galer\u00eda RAQ permitir\u00e1 que el Registro Art\u00edstico Queretano (RAQ) trascienda como una herramienta de registro para convertirse tambi\u00e9n en un mecanismo para identificar talento, conectarlo con distintos sectores y abrir nuevas oportunidades de desarrollo para artistas.<\/p>\n\n\n\n<p class=\"wp-block-paragraph\">La funcionaria se\u00f1al\u00f3 que el proyecto representa tambi\u00e9n una oportunidad para impulsar la econom\u00eda creativa, al permitir que el talento y la creatividad se transformen en obras que encuentran espacios de exhibici\u00f3n, p\u00fablicos y posibilidades de generar valor.<\/p>\n\n\n\n<p class=\"wp-block-paragraph\">Asimismo, resalt\u00f3 la dimensi\u00f3n social del arte como una herramienta para la expresi\u00f3n, el desarrollo de capacidades y la construcci\u00f3n de una cultura de paz.<\/p>\n\n\n\n<p class=\"wp-block-paragraph\">Durante la inauguraci\u00f3n se inform\u00f3 que las obras que integran <strong>\u201cEntre rostros\u201d<\/strong> estar\u00e1n disponibles para su venta al p\u00fablico. En este sentido, la Secretar\u00eda de Cultura refrend\u00f3 su compromiso de ampliar los espacios de exhibici\u00f3n, conectar a los creadores y generar oportunidades concretas para la comunidad art\u00edstica.<\/p>\n\n\n\n<p class=\"wp-block-paragraph\">Por su parte, la directora de la Fundaci\u00f3n Ciudad Maderas, Mar\u00eda X\u00f3chitl Aguilar Maqueda, explic\u00f3 que el organismo participa en la exposici\u00f3n debido a que se trata de una muestra colectiva con causa, integrada por retratos masculinos y femeninos elaborados por adolescentes del CIEMA como parte de un proceso de exploraci\u00f3n art\u00edstica y desarrollo personal.<\/p>\n\n\n\n<p class=\"wp-block-paragraph\">A su vez, el director de la Autoridad de Ejecuci\u00f3n de Medidas para Adolescentes del Estado de Quer\u00e9taro, Julio C\u00e9sar Correa Castillo, destac\u00f3 que en el CIEMA se promueven actividades para fortalecer el desarrollo intelectual, cultural y art\u00edstico de los adolescentes.<\/p>\n\n\n\n<p class=\"wp-block-paragraph\">Explic\u00f3 que estas herramientas contribuyen a los procesos de reinserci\u00f3n social, adem\u00e1s de favorecer el desarrollo educativo, las capacidades laborales y el bienestar f\u00edsico y mental de los j\u00f3venes.<\/p>\n\n\n\n<p class=\"wp-block-paragraph\">La exposici\u00f3n <strong>\u201cEntre rostros\u201d<\/strong> re\u00fane obras que exploran la identidad, las emociones y la singularidad de cada persona a trav\u00e9s del retrato. Los trabajos reflejan, mediante trazos y t\u00e9cnicas pict\u00f3ricas, distintas formas de interpretar el cuerpo humano, los sentimientos y las experiencias que conforman a cada individuo.<\/p>\n\n\n\n<p class=\"wp-block-paragraph\">En el marco de la inauguraci\u00f3n, la Fundaci\u00f3n Ciudad Maderas recibi\u00f3 de la Secretar\u00eda de Cultura el reconocimiento como <strong>Aliado Cultural<\/strong>, en reconocimiento a su colaboraci\u00f3n en el impulso de proyectos art\u00edsticos y culturales.<\/p>\n\n\n\n<p class=\"wp-block-paragraph\">La <strong>Galer\u00eda RAQ<\/strong> se encuentra en el Centro de las Artes de Quer\u00e9taro, ubicado en Jos\u00e9 Mar\u00eda Arteaga n\u00famero 87, en el Centro Hist\u00f3rico de la capital queretana. La entrada es gratuita y puede visitarse de lunes a s\u00e1bado, de 8:30 a 21:00 horas.<\/p>\n","protected":false},"excerpt":{"rendered":"<p>Con la exposici\u00f3n \u201cEntre rostros\u201d, integrada por obras realizadas por j\u00f3venes del Centro de Internamiento y Ejecuci\u00f3n de Medidas para Adolescentes (CIEMA), la secretaria de Cultura del estado, Ana Paola L\u00f3pez Birlain, inaugur\u00f3 la Galer\u00eda RAQ en el Centro de las Artes de Quer\u00e9taro (CEART). El nuevo espacio forma parte del Centro de Integraci\u00f3n y [&hellip;]<\/p>\n","protected":false},"author":5,"featured_media":84631,"comment_status":"closed","ping_status":"closed","sticky":false,"template":"","format":"standard","meta":{"footnotes":""},"categories":[3],"tags":[],"class_list":["post-84630","post","type-post","status-publish","format-standard","has-post-thumbnail","category-queretaro"],"_links":{"self":[{"href":"https:\/\/elinformanteqro.com\/noticias\/wp-json\/wp\/v2\/posts\/84630","targetHints":{"allow":["GET"]}}],"collection":[{"href":"https:\/\/elinformanteqro.com\/noticias\/wp-json\/wp\/v2\/posts"}],"about":[{"href":"https:\/\/elinformanteqro.com\/noticias\/wp-json\/wp\/v2\/types\/post"}],"author":[{"embeddable":true,"href":"https:\/\/elinformanteqro.com\/noticias\/wp-json\/wp\/v2\/users\/5"}],"replies":[{"embeddable":true,"href":"https:\/\/elinformanteqro.com\/noticias\/wp-json\/wp\/v2\/comments?post=84630"}],"version-history":[{"count":1,"href":"https:\/\/elinformanteqro.com\/noticias\/wp-json\/wp\/v2\/posts\/84630\/revisions"}],"predecessor-version":[{"id":84632,"href":"https:\/\/elinformanteqro.com\/noticias\/wp-json\/wp\/v2\/posts\/84630\/revisions\/84632"}],"wp:featuredmedia":[{"embeddable":true,"href":"https:\/\/elinformanteqro.com\/noticias\/wp-json\/wp\/v2\/media\/84631"}],"wp:attachment":[{"href":"https:\/\/elinformanteqro.com\/noticias\/wp-json\/wp\/v2\/media?parent=84630"}],"wp:term":[{"taxonomy":"category","embeddable":true,"href":"https:\/\/elinformanteqro.com\/noticias\/wp-json\/wp\/v2\/categories?post=84630"},{"taxonomy":"post_tag","embeddable":true,"href":"https:\/\/elinformanteqro.com\/noticias\/wp-json\/wp\/v2\/tags?post=84630"}],"curies":[{"name":"wp","href":"https:\/\/api.w.org\/{rel}","templated":true}]}}