{"id":84636,"date":"2026-09-04T17:35:51","date_gmt":"2026-09-04T23:35:51","guid":{"rendered":"https:\/\/elinformanteqro.com\/noticias\/?p=84636"},"modified":"2026-09-04T17:35:53","modified_gmt":"2026-09-04T23:35:53","slug":"san-juan-del-rio-lleva-el-programa-viernes-en-la-magdalena-a-la-comunidad","status":"publish","type":"post","link":"https:\/\/elinformanteqro.com\/noticias\/san-juan-del-rio-lleva-el-programa-viernes-en-la-magdalena-a-la-comunidad\/","title":{"rendered":"San Juan del R\u00edo lleva el programa \u201cViernes en La Magdalena\u201d a la comunidad"},"content":{"rendered":"\n<p class=\"wp-block-paragraph\">El presidente municipal de San Juan del R\u00edo, Roberto Cabrera Valencia, encabez\u00f3 la edici\u00f3n n\u00famero 63 del programa <strong>\u201cViernes en La Magdalena\u201d<\/strong>, una jornada de atenci\u00f3n ciudadana que busca fortalecer el trabajo conjunto entre el gobierno municipal y los habitantes de las comunidades.<\/p>\n\n\n\n<p class=\"wp-block-paragraph\">Durante la jornada, Cabrera Valencia sostuvo un encuentro con ciudadanos y liderazgos de La Magdalena, donde destac\u00f3 la importancia de la corresponsabilidad para atender las necesidades de la localidad y avanzar en la construcci\u00f3n de una mejor comunidad.<\/p>\n\n\n\n<p class=\"wp-block-paragraph\">Como parte de las actividades, distintas dependencias municipales instalaron mesas de atenci\u00f3n ciudadana, en las que se recibieron cerca de <strong>25 solicitudes<\/strong>. Participaron el Sistema Municipal DIF, JAPAM y las secretar\u00edas de Desarrollo Agropecuario, de la Mujer, Desarrollo Social, Obras P\u00fablicas y Desarrollo Urbano, as\u00ed como Seguridad P\u00fablica.<\/p>\n\n\n\n<p class=\"wp-block-paragraph\">Tambi\u00e9n se realiz\u00f3 una <strong>campa\u00f1a de salud visual<\/strong> y se llevaron a cabo diversas acciones en la comunidad. La Secretar\u00eda de Obras P\u00fablicas y Desarrollo Urbano coloc\u00f3 se\u00f1al\u00e9tica; la Direcci\u00f3n de Medio Ambiente y Ecolog\u00eda realiz\u00f3 donaci\u00f3n de ropa y \u00e1rboles; mientras que la Secretar\u00eda de Desarrollo Social rehabilit\u00f3 espacios p\u00fablicos y entreg\u00f3 jitomate, entre otras actividades.<\/p>\n\n\n\n<p class=\"wp-block-paragraph\">Con este tipo de jornadas, la Administraci\u00f3n Municipal busca acercar los servicios y la atenci\u00f3n gubernamental directamente a las comunidades, adem\u00e1s de identificar y atender de manera conjunta las necesidades de sus habitantes.<\/p>\n","protected":false},"excerpt":{"rendered":"<p>El presidente municipal de San Juan del R\u00edo, Roberto Cabrera Valencia, encabez\u00f3 la edici\u00f3n n\u00famero 63 del programa \u201cViernes en La Magdalena\u201d, una jornada de atenci\u00f3n ciudadana que busca fortalecer el trabajo conjunto entre el gobierno municipal y los habitantes de las comunidades. Durante la jornada, Cabrera Valencia sostuvo un encuentro con ciudadanos y liderazgos [&hellip;]<\/p>\n","protected":false},"author":5,"featured_media":84637,"comment_status":"closed","ping_status":"closed","sticky":false,"template":"","format":"standard","meta":{"footnotes":""},"categories":[4],"tags":[],"class_list":["post-84636","post","type-post","status-publish","format-standard","has-post-thumbnail","category-sanjuandelrio"],"_links":{"self":[{"href":"https:\/\/elinformanteqro.com\/noticias\/wp-json\/wp\/v2\/posts\/84636","targetHints":{"allow":["GET"]}}],"collection":[{"href":"https:\/\/elinformanteqro.com\/noticias\/wp-json\/wp\/v2\/posts"}],"about":[{"href":"https:\/\/elinformanteqro.com\/noticias\/wp-json\/wp\/v2\/types\/post"}],"author":[{"embeddable":true,"href":"https:\/\/elinformanteqro.com\/noticias\/wp-json\/wp\/v2\/users\/5"}],"replies":[{"embeddable":true,"href":"https:\/\/elinformanteqro.com\/noticias\/wp-json\/wp\/v2\/comments?post=84636"}],"version-history":[{"count":1,"href":"https:\/\/elinformanteqro.com\/noticias\/wp-json\/wp\/v2\/posts\/84636\/revisions"}],"predecessor-version":[{"id":84638,"href":"https:\/\/elinformanteqro.com\/noticias\/wp-json\/wp\/v2\/posts\/84636\/revisions\/84638"}],"wp:featuredmedia":[{"embeddable":true,"href":"https:\/\/elinformanteqro.com\/noticias\/wp-json\/wp\/v2\/media\/84637"}],"wp:attachment":[{"href":"https:\/\/elinformanteqro.com\/noticias\/wp-json\/wp\/v2\/media?parent=84636"}],"wp:term":[{"taxonomy":"category","embeddable":true,"href":"https:\/\/elinformanteqro.com\/noticias\/wp-json\/wp\/v2\/categories?post=84636"},{"taxonomy":"post_tag","embeddable":true,"href":"https:\/\/elinformanteqro.com\/noticias\/wp-json\/wp\/v2\/tags?post=84636"}],"curies":[{"name":"wp","href":"https:\/\/api.w.org\/{rel}","templated":true}]}}