{"id":84644,"date":"2026-09-06T14:34:11","date_gmt":"2026-09-06T20:34:11","guid":{"rendered":"https:\/\/elinformanteqro.com\/noticias\/?p=84644"},"modified":"2026-09-06T14:34:12","modified_gmt":"2026-09-06T20:34:12","slug":"javier-alberto-n-queda-en-prision-preventiva-por-presunto-robo-en-tienda-de-queretaro","status":"publish","type":"post","link":"https:\/\/elinformanteqro.com\/noticias\/javier-alberto-n-queda-en-prision-preventiva-por-presunto-robo-en-tienda-de-queretaro\/","title":{"rendered":"Javier Alberto \u201cN\u201d queda en prisi\u00f3n preventiva por presunto robo en tienda de Quer\u00e9taro"},"content":{"rendered":"\n<p class=\"wp-block-paragraph\">Javier Alberto \u201cN\u201d fue vinculado a proceso por el delito de robo espec\u00edfico a comercio, luego de que presuntamente sustrajera diversos objetos de valor de una tienda departamental ubicada en una plaza comercial del municipio de Quer\u00e9taro.<\/p>\n\n\n\n<p class=\"wp-block-paragraph\">De acuerdo con las investigaciones de la Fiscal\u00eda General del Estado de Quer\u00e9taro, los hechos ocurrieron el pasado <strong>3 de agosto de 2026<\/strong>, cuando el imputado habr\u00eda ingresado al establecimiento y tomado distintos art\u00edculos para posteriormente salir del lugar sin efectuar el pago correspondiente.<\/p>\n\n\n\n<p class=\"wp-block-paragraph\">Tras lo ocurrido, elementos de la Secretar\u00eda de Seguridad P\u00fablica Municipal de Quer\u00e9taro realizaron la detenci\u00f3n del se\u00f1alado y lo pusieron a disposici\u00f3n de la Fiscal\u00eda estatal.<\/p>\n\n\n\n<p class=\"wp-block-paragraph\">Posteriormente, agentes de la Polic\u00eda de Investigaci\u00f3n del Delito dieron continuidad a las diligencias para integrar la carpeta de investigaci\u00f3n y esclarecer los hechos.<\/p>\n\n\n\n<p class=\"wp-block-paragraph\">Durante la audiencia inicial, un Juez de Control calific\u00f3 como legal la detenci\u00f3n y determin\u00f3 vincular a proceso a Javier Alberto \u201cN\u201d.<\/p>\n\n\n\n<p class=\"wp-block-paragraph\">Como medida cautelar, el juez impuso <strong>prisi\u00f3n preventiva justificada<\/strong> y estableci\u00f3 un plazo de <strong>dos meses para la investigaci\u00f3n complementaria<\/strong>, periodo en el que la autoridad ministerial continuar\u00e1 con la recopilaci\u00f3n de elementos relacionados con el caso.<\/p>\n","protected":false},"excerpt":{"rendered":"<p>Javier Alberto \u201cN\u201d fue vinculado a proceso por el delito de robo espec\u00edfico a comercio, luego de que presuntamente sustrajera diversos objetos de valor de una tienda departamental ubicada en una plaza comercial del municipio de Quer\u00e9taro. De acuerdo con las investigaciones de la Fiscal\u00eda General del Estado de Quer\u00e9taro, los hechos ocurrieron el pasado [&hellip;]<\/p>\n","protected":false},"author":5,"featured_media":84645,"comment_status":"closed","ping_status":"closed","sticky":false,"template":"","format":"standard","meta":{"footnotes":""},"categories":[3],"tags":[],"class_list":["post-84644","post","type-post","status-publish","format-standard","has-post-thumbnail","category-queretaro"],"_links":{"self":[{"href":"https:\/\/elinformanteqro.com\/noticias\/wp-json\/wp\/v2\/posts\/84644","targetHints":{"allow":["GET"]}}],"collection":[{"href":"https:\/\/elinformanteqro.com\/noticias\/wp-json\/wp\/v2\/posts"}],"about":[{"href":"https:\/\/elinformanteqro.com\/noticias\/wp-json\/wp\/v2\/types\/post"}],"author":[{"embeddable":true,"href":"https:\/\/elinformanteqro.com\/noticias\/wp-json\/wp\/v2\/users\/5"}],"replies":[{"embeddable":true,"href":"https:\/\/elinformanteqro.com\/noticias\/wp-json\/wp\/v2\/comments?post=84644"}],"version-history":[{"count":1,"href":"https:\/\/elinformanteqro.com\/noticias\/wp-json\/wp\/v2\/posts\/84644\/revisions"}],"predecessor-version":[{"id":84646,"href":"https:\/\/elinformanteqro.com\/noticias\/wp-json\/wp\/v2\/posts\/84644\/revisions\/84646"}],"wp:featuredmedia":[{"embeddable":true,"href":"https:\/\/elinformanteqro.com\/noticias\/wp-json\/wp\/v2\/media\/84645"}],"wp:attachment":[{"href":"https:\/\/elinformanteqro.com\/noticias\/wp-json\/wp\/v2\/media?parent=84644"}],"wp:term":[{"taxonomy":"category","embeddable":true,"href":"https:\/\/elinformanteqro.com\/noticias\/wp-json\/wp\/v2\/categories?post=84644"},{"taxonomy":"post_tag","embeddable":true,"href":"https:\/\/elinformanteqro.com\/noticias\/wp-json\/wp\/v2\/tags?post=84644"}],"curies":[{"name":"wp","href":"https:\/\/api.w.org\/{rel}","templated":true}]}}