{"id":84650,"date":"2026-09-06T14:40:27","date_gmt":"2026-09-06T20:40:27","guid":{"rendered":"https:\/\/elinformanteqro.com\/noticias\/?p=84650"},"modified":"2026-09-06T14:40:28","modified_gmt":"2026-09-06T20:40:28","slug":"reconocen-a-jovenes-queretanos-por-su-talento-y-aportaciones-al-municipio","status":"publish","type":"post","link":"https:\/\/elinformanteqro.com\/noticias\/reconocen-a-jovenes-queretanos-por-su-talento-y-aportaciones-al-municipio\/","title":{"rendered":"Reconocen a j\u00f3venes queretanos por su talento y aportaciones al municipio"},"content":{"rendered":"\n<p class=\"wp-block-paragraph\">El Municipio de Quer\u00e9taro entreg\u00f3 el <strong>Premio Municipal de la Juventud 2026<\/strong> a j\u00f3venes que destacaron por sus logros acad\u00e9micos, deportivos, art\u00edsticos, cient\u00edficos y sociales, como parte de las actividades del Mes de la Juventud.<\/p>\n\n\n\n<p class=\"wp-block-paragraph\">A trav\u00e9s del Instituto Municipal de la Juventud (IMJUQ), la administraci\u00f3n encabezada por el presidente municipal <strong>Felifer Mac\u00edas<\/strong> reconoci\u00f3 a j\u00f3venes sobresalientes en cinco categor\u00edas: Logro Acad\u00e9mico; Logro Deportivo; Expresiones Art\u00edsticas y Culturales; Ciencia y Tecnolog\u00eda; y Medio Ambiente y Compromiso Social.<\/p>\n\n\n\n<p class=\"wp-block-paragraph\">La ceremonia se realiz\u00f3 en las instalaciones de la Universidad Cuauht\u00e9moc Quer\u00e9taro, ante m\u00e1s de 250 personas. En esta edici\u00f3n participaron <strong>49 j\u00f3venes<\/strong>, el doble de los registros alcanzados durante el a\u00f1o anterior.<\/p>\n\n\n\n<p class=\"wp-block-paragraph\">Durante el evento, el director del IMJUQ, <strong>Mauricio Parra<\/strong>, present\u00f3 a las y los ganadores, quienes recibieron un reconocimiento y un premio de <strong>25 mil pesos<\/strong> por su desempe\u00f1o en cada categor\u00eda.<\/p>\n\n\n\n<p class=\"wp-block-paragraph\">Los galardonados fueron <strong>Ana Paula Mart\u00ednez Mora<\/strong>, en Logro Acad\u00e9mico; <strong>\u00c1ngela Valeria Hern\u00e1ndez Ram\u00edrez<\/strong>, en Logro Deportivo; y <strong>Vidal Su\u00e1rez Olvera<\/strong>, en Expresiones Art\u00edsticas y Culturales.<\/p>\n\n\n\n<p class=\"wp-block-paragraph\">En la categor\u00eda de Ciencia y Tecnolog\u00eda, el premio fue otorgado de manera colectiva a <strong>H\u00e9ctor Miguel Gallardo Avenda\u00f1o y Eduardo Cabello Mendoza<\/strong>, mientras que en Medio Ambiente y Compromiso Social la ganadora fue <strong>Almendra Abigail Guti\u00e9rrez Vicente<\/strong>.<\/p>\n\n\n\n<p class=\"wp-block-paragraph\">Durante su participaci\u00f3n, Mauricio Parra destac\u00f3 el talento y compromiso de las juventudes queretanas y las invit\u00f3 a continuar desarrollando sus proyectos, alcanzar sus objetivos y contribuir al desarrollo del municipio.<\/p>\n\n\n\n<p class=\"wp-block-paragraph\">Con la entrega de estos reconocimientos concluyeron las actividades del <strong>Mes de la Juventud<\/strong>, cuya programaci\u00f3n incluy\u00f3 espacios de convivencia, recreaci\u00f3n y desarrollo de habilidades en entornos seguros.<\/p>\n\n\n\n<p class=\"wp-block-paragraph\">Entre las actividades realizadas destacaron el <strong>Encendido de Los Arcos<\/strong>, una jornada de reforestaci\u00f3n con motivo del D\u00eda Mundial de la Juventud, talleres, conferencias y <strong>Expoman\u00eda<\/strong>, encuentro dedicado a la expresi\u00f3n art\u00edstica, la m\u00fasica y la cultura de la lucha libre, realizado en las instalaciones del IMJUQ, en la colonia Las Rosas, de la Delegaci\u00f3n Centro Hist\u00f3rico.<\/p>\n","protected":false},"excerpt":{"rendered":"<p>El Municipio de Quer\u00e9taro entreg\u00f3 el Premio Municipal de la Juventud 2026 a j\u00f3venes que destacaron por sus logros acad\u00e9micos, deportivos, art\u00edsticos, cient\u00edficos y sociales, como parte de las actividades del Mes de la Juventud. A trav\u00e9s del Instituto Municipal de la Juventud (IMJUQ), la administraci\u00f3n encabezada por el presidente municipal Felifer Mac\u00edas reconoci\u00f3 a [&hellip;]<\/p>\n","protected":false},"author":5,"featured_media":84651,"comment_status":"closed","ping_status":"closed","sticky":false,"template":"","format":"standard","meta":{"footnotes":""},"categories":[3],"tags":[],"class_list":["post-84650","post","type-post","status-publish","format-standard","has-post-thumbnail","category-queretaro"],"_links":{"self":[{"href":"https:\/\/elinformanteqro.com\/noticias\/wp-json\/wp\/v2\/posts\/84650","targetHints":{"allow":["GET"]}}],"collection":[{"href":"https:\/\/elinformanteqro.com\/noticias\/wp-json\/wp\/v2\/posts"}],"about":[{"href":"https:\/\/elinformanteqro.com\/noticias\/wp-json\/wp\/v2\/types\/post"}],"author":[{"embeddable":true,"href":"https:\/\/elinformanteqro.com\/noticias\/wp-json\/wp\/v2\/users\/5"}],"replies":[{"embeddable":true,"href":"https:\/\/elinformanteqro.com\/noticias\/wp-json\/wp\/v2\/comments?post=84650"}],"version-history":[{"count":1,"href":"https:\/\/elinformanteqro.com\/noticias\/wp-json\/wp\/v2\/posts\/84650\/revisions"}],"predecessor-version":[{"id":84652,"href":"https:\/\/elinformanteqro.com\/noticias\/wp-json\/wp\/v2\/posts\/84650\/revisions\/84652"}],"wp:featuredmedia":[{"embeddable":true,"href":"https:\/\/elinformanteqro.com\/noticias\/wp-json\/wp\/v2\/media\/84651"}],"wp:attachment":[{"href":"https:\/\/elinformanteqro.com\/noticias\/wp-json\/wp\/v2\/media?parent=84650"}],"wp:term":[{"taxonomy":"category","embeddable":true,"href":"https:\/\/elinformanteqro.com\/noticias\/wp-json\/wp\/v2\/categories?post=84650"},{"taxonomy":"post_tag","embeddable":true,"href":"https:\/\/elinformanteqro.com\/noticias\/wp-json\/wp\/v2\/tags?post=84650"}],"curies":[{"name":"wp","href":"https:\/\/api.w.org\/{rel}","templated":true}]}}