{"id":84653,"date":"2026-09-06T14:47:22","date_gmt":"2026-09-06T20:47:22","guid":{"rendered":"https:\/\/elinformanteqro.com\/noticias\/?p=84653"},"modified":"2026-09-06T14:47:23","modified_gmt":"2026-09-06T20:47:23","slug":"reconocen-en-ezequiel-montes-la-trayectoria-y-aportacion-del-sector-ganadero","status":"publish","type":"post","link":"https:\/\/elinformanteqro.com\/noticias\/reconocen-en-ezequiel-montes-la-trayectoria-y-aportacion-del-sector-ganadero\/","title":{"rendered":"Reconocen en Ezequiel Montes la trayectoria y aportaci\u00f3n del sector ganadero"},"content":{"rendered":"\n<p class=\"wp-block-paragraph\"><strong>Luis Nava acompa\u00f1\u00f3 a productores pecuarios durante la conmemoraci\u00f3n del D\u00eda del Ganadero 2026.<\/strong><\/p>\n\n\n\n<p class=\"wp-block-paragraph\">En el marco de la conmemoraci\u00f3n del <strong>D\u00eda del Ganadero 2026<\/strong>, el secretario de Desarrollo Social del Estado de Quer\u00e9taro, Luis Nava, acompa\u00f1\u00f3 a productores pecuarios de Ezequiel Montes y reconoci\u00f3 la labor de las familias que, durante generaciones, han contribuido al desarrollo del sector ganadero en la regi\u00f3n.<\/p>\n\n\n\n<p class=\"wp-block-paragraph\">Durante el encuentro, el presidente de la Asociaci\u00f3n Ganadera Local de Ezequiel Montes, Luis Vega, destac\u00f3 que la organizaci\u00f3n cuenta con <strong>63 a\u00f1os de historia<\/strong> y actualmente agrupa a <strong>371 socios<\/strong>, quienes representan el esfuerzo de generaciones dedicadas al campo queretano.<\/p>\n\n\n\n<p class=\"wp-block-paragraph\">En di\u00e1logo con los productores, Luis Nava resalt\u00f3 la importancia de la actividad ganadera como parte de la identidad de Ezequiel Montes y como un sector que contribuye al desarrollo econ\u00f3mico de la regi\u00f3n.<\/p>\n\n\n\n<p class=\"wp-block-paragraph\">Asimismo, refrend\u00f3 su cercan\u00eda con los sectores productivos del estado y se\u00f1al\u00f3 la importancia de construir el desarrollo de Quer\u00e9taro a partir de escuchar a las comunidades, respaldar a quienes trabajan y generar mejores oportunidades para las familias.<\/p>\n\n\n\n<p class=\"wp-block-paragraph\">Finalmente, felicit\u00f3 a los ganaderos de Ezequiel Montes por su trayectoria y reconoci\u00f3 el esfuerzo de las familias que han mantenido esta actividad a lo largo de las generaciones, convirti\u00e9ndola en un motor de desarrollo y prosperidad para el municipio y para Quer\u00e9taro.<\/p>\n","protected":false},"excerpt":{"rendered":"<p>Luis Nava acompa\u00f1\u00f3 a productores pecuarios durante la conmemoraci\u00f3n del D\u00eda del Ganadero 2026. En el marco de la conmemoraci\u00f3n del D\u00eda del Ganadero 2026, el secretario de Desarrollo Social del Estado de Quer\u00e9taro, Luis Nava, acompa\u00f1\u00f3 a productores pecuarios de Ezequiel Montes y reconoci\u00f3 la labor de las familias que, durante generaciones, han contribuido [&hellip;]<\/p>\n","protected":false},"author":5,"featured_media":84654,"comment_status":"closed","ping_status":"closed","sticky":false,"template":"","format":"standard","meta":{"footnotes":""},"categories":[3],"tags":[],"class_list":["post-84653","post","type-post","status-publish","format-standard","has-post-thumbnail","category-queretaro"],"_links":{"self":[{"href":"https:\/\/elinformanteqro.com\/noticias\/wp-json\/wp\/v2\/posts\/84653","targetHints":{"allow":["GET"]}}],"collection":[{"href":"https:\/\/elinformanteqro.com\/noticias\/wp-json\/wp\/v2\/posts"}],"about":[{"href":"https:\/\/elinformanteqro.com\/noticias\/wp-json\/wp\/v2\/types\/post"}],"author":[{"embeddable":true,"href":"https:\/\/elinformanteqro.com\/noticias\/wp-json\/wp\/v2\/users\/5"}],"replies":[{"embeddable":true,"href":"https:\/\/elinformanteqro.com\/noticias\/wp-json\/wp\/v2\/comments?post=84653"}],"version-history":[{"count":1,"href":"https:\/\/elinformanteqro.com\/noticias\/wp-json\/wp\/v2\/posts\/84653\/revisions"}],"predecessor-version":[{"id":84655,"href":"https:\/\/elinformanteqro.com\/noticias\/wp-json\/wp\/v2\/posts\/84653\/revisions\/84655"}],"wp:featuredmedia":[{"embeddable":true,"href":"https:\/\/elinformanteqro.com\/noticias\/wp-json\/wp\/v2\/media\/84654"}],"wp:attachment":[{"href":"https:\/\/elinformanteqro.com\/noticias\/wp-json\/wp\/v2\/media?parent=84653"}],"wp:term":[{"taxonomy":"category","embeddable":true,"href":"https:\/\/elinformanteqro.com\/noticias\/wp-json\/wp\/v2\/categories?post=84653"},{"taxonomy":"post_tag","embeddable":true,"href":"https:\/\/elinformanteqro.com\/noticias\/wp-json\/wp\/v2\/tags?post=84653"}],"curies":[{"name":"wp","href":"https:\/\/api.w.org\/{rel}","templated":true}]}}